{"id":4444,"date":"2011-07-21T06:50:34","date_gmt":"2011-07-21T05:50:34","guid":{"rendered":"http:\/\/www.dessinateur.biz\/blog\/?p=4444"},"modified":"2011-07-22T07:30:41","modified_gmt":"2011-07-22T06:30:41","slug":"nactualites-12-millions-dafricains-frappes-par-la-secheresse-et-la-famine","status":"publish","type":"post","link":"https:\/\/www.dessinateur.biz\/blog\/2011\/07\/21\/nactualites-12-millions-dafricains-frappes-par-la-secheresse-et-la-famine\/","title":{"rendered":"Nactualit\u00e9s : 12 millions d&rsquo;Africains frapp\u00e9s par la s\u00e9cheresse et la famine"},"content":{"rendered":"<p><img loading=\"lazy\" class=\"alignleft size-full wp-image-4448\" title=\"781_we_are_the_world\" src=\"https:\/\/www.dessinateur.biz\/blog\/wp-content\/uploads\/2011\/07\/781_we_are_the_world1.jpg\" alt=\"\" width=\"600\" height=\"600\" srcset=\"https:\/\/www.dessinateur.biz\/blog\/wp-content\/uploads\/2011\/07\/781_we_are_the_world1.jpg 600w, https:\/\/www.dessinateur.biz\/blog\/wp-content\/uploads\/2011\/07\/781_we_are_the_world1-150x150.jpg 150w, https:\/\/www.dessinateur.biz\/blog\/wp-content\/uploads\/2011\/07\/781_we_are_the_world1-300x300.jpg 300w\" sizes=\"(max-width: 600px) 100vw, 600px\" \/><\/p>\n<h3>O\u00f9<\/h3>\n<p>Vu sur <a href=\"http:\/\/www.lepost.fr\/article\/2011\/07\/21\/2553336_12-millions-d-africains-frappes-par-la-secheresse-et-la-famine.html\" target=\"_blank\">Le Post<\/a>, <a href=\"http:\/\/leplus.nouvelobs.com\/contribution\/174728;pendant-ce-temps-en-afrique-la-famine.html\" target=\"_blank\">le plus<\/a> et <a href=\"http:\/\/www.agoravox.fr\/culture-loisirs\/dessin-du-jour\/article\/12-millions-d-africains-frappes-97891\" target=\"_blank\">Agoravox<\/a><\/p>\n<h3>Bonus tracks<\/h3>\n<p>100 dessins de na! dans <a href=\"..\/le-meilleur-des-nactualites-2009-2010\/\" target=\"_blank\">\u00ab le meilleur des nactualit\u00e9s \u00bb T2<\/a><br \/>\n<a href=\"https:\/\/www.dessinateur.biz\/blog\/le-meilleur-des-nactualites-2009-2010\/\"><img loading=\"lazy\" class=\"alignnone size-full wp-image-2788\" title=\"mini_nactu2\" src=\"https:\/\/www.dessinateur.biz\/blog\/wp-content\/uploads\/2010\/11\/mini_nactu2.jpg\" alt=\"\" width=\"92\" height=\"121\" \/><\/a><\/p>\n<p>10 dessins de na! parmi les 1000 de l&rsquo;almanach 2011 du dessin de presse et de la caricature, 30\u20ac, \u00e9ditions pat \u00e0 pan.<br \/>\n<img src=\"https:\/\/www.dessinateur.biz\/blog\/wp-content\/uploads\/2011\/06\/almanach_2011_mini2.jpg\" alt=\"\" \/><\/p>\n","protected":false},"excerpt":{"rendered":"<p>O\u00f9 Vu sur Le Post, le plus et Agoravox Bonus tracks 100 dessins de na! dans \u00ab le meilleur des nactualit\u00e9s \u00bb T2 10 dessins de na! parmi les 1000 de l&rsquo;almanach 2011 du dessin de presse et de la caricature, 30\u20ac, \u00e9ditions pat \u00e0 pan.<\/p>\n","protected":false},"author":1,"featured_media":0,"comment_status":"open","ping_status":"open","sticky":false,"template":"","format":"standard","meta":[],"categories":[6],"tags":[1252,1746,5,13,1577,1743,58,1745,1744,1742],"yoast_head":"<!-- This site is optimized with the Yoast SEO plugin v19.3 - https:\/\/yoast.com\/wordpress\/plugins\/seo\/ -->\n<title>Nactualit\u00e9s : 12 millions d&#039;Africains frapp\u00e9s par la s\u00e9cheresse et la famine - na! dessinateur<\/title>\n<meta name=\"description\" content=\"na! dessinateur, communication par le dessin humoristique, dessin de presse, dessin en direct live pour vos s\u00e9minaires ou conventions, cr\u00e9ation graphique\" \/>\n<meta name=\"robots\" content=\"noindex, follow\" \/>\n<meta property=\"og:locale\" content=\"fr_FR\" \/>\n<meta property=\"og:type\" content=\"article\" \/>\n<meta property=\"og:title\" content=\"Nactualit\u00e9s : 12 millions d&#039;Africains frapp\u00e9s par la s\u00e9cheresse et la famine - na! dessinateur\" \/>\n<meta property=\"og:description\" content=\"na! dessinateur, communication par le dessin humoristique, dessin de presse, dessin en direct live pour vos s\u00e9minaires ou conventions, cr\u00e9ation graphique\" \/>\n<meta property=\"og:url\" content=\"https:\/\/www.dessinateur.biz\/blog\/2011\/07\/21\/nactualites-12-millions-dafricains-frappes-par-la-secheresse-et-la-famine\/\" \/>\n<meta property=\"og:site_name\" content=\"na! dessinateur\" \/>\n<meta property=\"article:publisher\" content=\"https:\/\/www.facebook.com\/na-dessinateur-110880605617002\/\" \/>\n<meta property=\"article:published_time\" content=\"2011-07-21T05:50:34+00:00\" \/>\n<meta property=\"article:modified_time\" content=\"2011-07-22T06:30:41+00:00\" \/>\n<meta property=\"og:image\" content=\"http:\/\/www.dessinateur.biz\/blog\/wp-content\/uploads\/2011\/07\/781_we_are_the_world1.jpg\" \/>\n<meta name=\"author\" content=\"na!\" \/>\n<meta name=\"twitter:card\" content=\"summary\" \/>\n<meta name=\"twitter:creator\" content=\"@na_dessinateur\" \/>\n<meta name=\"twitter:site\" content=\"@na_dessinateur\" \/>\n<meta name=\"twitter:label1\" content=\"\u00c9crit par\" \/>\n\t<meta name=\"twitter:data1\" content=\"na!\" \/>\n<script type=\"application\/ld+json\" class=\"yoast-schema-graph\">{\"@context\":\"https:\/\/schema.org\",\"@graph\":[{\"@type\":\"WebSite\",\"@id\":\"https:\/\/www.dessinateur.biz\/blog\/#website\",\"url\":\"https:\/\/www.dessinateur.biz\/blog\/\",\"name\":\"na! dessinateur\",\"description\":\"Dessinateur de presse, dessinateur humoristique, dessinateur en direct, communication par le dessin d&#039;humour\",\"potentialAction\":[{\"@type\":\"SearchAction\",\"target\":{\"@type\":\"EntryPoint\",\"urlTemplate\":\"https:\/\/www.dessinateur.biz\/blog\/?s={search_term_string}\"},\"query-input\":\"required name=search_term_string\"}],\"inLanguage\":\"fr-FR\"},{\"@type\":\"ImageObject\",\"inLanguage\":\"fr-FR\",\"@id\":\"https:\/\/www.dessinateur.biz\/blog\/2011\/07\/21\/nactualites-12-millions-dafricains-frappes-par-la-secheresse-et-la-famine\/#primaryimage\",\"url\":\"http:\/\/www.dessinateur.biz\/blog\/wp-content\/uploads\/2011\/07\/781_we_are_the_world1.jpg\",\"contentUrl\":\"http:\/\/www.dessinateur.biz\/blog\/wp-content\/uploads\/2011\/07\/781_we_are_the_world1.jpg\"},{\"@type\":\"WebPage\",\"@id\":\"https:\/\/www.dessinateur.biz\/blog\/2011\/07\/21\/nactualites-12-millions-dafricains-frappes-par-la-secheresse-et-la-famine\/\",\"url\":\"https:\/\/www.dessinateur.biz\/blog\/2011\/07\/21\/nactualites-12-millions-dafricains-frappes-par-la-secheresse-et-la-famine\/\",\"name\":\"Nactualit\u00e9s : 12 millions d'Africains frapp\u00e9s par la s\u00e9cheresse et la famine - na! dessinateur\",\"isPartOf\":{\"@id\":\"https:\/\/www.dessinateur.biz\/blog\/#website\"},\"primaryImageOfPage\":{\"@id\":\"https:\/\/www.dessinateur.biz\/blog\/2011\/07\/21\/nactualites-12-millions-dafricains-frappes-par-la-secheresse-et-la-famine\/#primaryimage\"},\"datePublished\":\"2011-07-21T05:50:34+00:00\",\"dateModified\":\"2011-07-22T06:30:41+00:00\",\"author\":{\"@id\":\"https:\/\/www.dessinateur.biz\/blog\/#\/schema\/person\/90fd246a07ba4b0ffa54158c72f0ab23\"},\"description\":\"na! dessinateur, communication par le dessin humoristique, dessin de presse, dessin en direct live pour vos s\u00e9minaires ou conventions, cr\u00e9ation graphique\",\"breadcrumb\":{\"@id\":\"https:\/\/www.dessinateur.biz\/blog\/2011\/07\/21\/nactualites-12-millions-dafricains-frappes-par-la-secheresse-et-la-famine\/#breadcrumb\"},\"inLanguage\":\"fr-FR\",\"potentialAction\":[{\"@type\":\"ReadAction\",\"target\":[\"https:\/\/www.dessinateur.biz\/blog\/2011\/07\/21\/nactualites-12-millions-dafricains-frappes-par-la-secheresse-et-la-famine\/\"]}]},{\"@type\":\"BreadcrumbList\",\"@id\":\"https:\/\/www.dessinateur.biz\/blog\/2011\/07\/21\/nactualites-12-millions-dafricains-frappes-par-la-secheresse-et-la-famine\/#breadcrumb\",\"itemListElement\":[{\"@type\":\"ListItem\",\"position\":1,\"name\":\"Accueil\",\"item\":\"https:\/\/www.dessinateur.biz\/blog\/\"},{\"@type\":\"ListItem\",\"position\":2,\"name\":\"Nactualit\u00e9s : 12 millions d&rsquo;Africains frapp\u00e9s par la s\u00e9cheresse et la famine\"}]},{\"@type\":\"Person\",\"@id\":\"https:\/\/www.dessinateur.biz\/blog\/#\/schema\/person\/90fd246a07ba4b0ffa54158c72f0ab23\",\"name\":\"na!\",\"image\":{\"@type\":\"ImageObject\",\"inLanguage\":\"fr-FR\",\"@id\":\"https:\/\/www.dessinateur.biz\/blog\/#\/schema\/person\/image\/\",\"url\":\"https:\/\/secure.gravatar.com\/avatar\/b56295643f3232aa6d4fe18c4cff5d11?s=96&d=mm&r=g\",\"contentUrl\":\"https:\/\/secure.gravatar.com\/avatar\/b56295643f3232aa6d4fe18c4cff5d11?s=96&d=mm&r=g\",\"caption\":\"na!\"},\"url\":\"https:\/\/www.dessinateur.biz\/blog\/author\/admin\/\"}]}<\/script>\n<!-- \/ Yoast SEO plugin. -->","yoast_head_json":{"title":"Nactualit\u00e9s : 12 millions d'Africains frapp\u00e9s par la s\u00e9cheresse et la famine - na! dessinateur","description":"na! dessinateur, communication par le dessin humoristique, dessin de presse, dessin en direct live pour vos s\u00e9minaires ou conventions, cr\u00e9ation graphique","robots":{"index":"noindex","follow":"follow"},"og_locale":"fr_FR","og_type":"article","og_title":"Nactualit\u00e9s : 12 millions d'Africains frapp\u00e9s par la s\u00e9cheresse et la famine - na! dessinateur","og_description":"na! dessinateur, communication par le dessin humoristique, dessin de presse, dessin en direct live pour vos s\u00e9minaires ou conventions, cr\u00e9ation graphique","og_url":"https:\/\/www.dessinateur.biz\/blog\/2011\/07\/21\/nactualites-12-millions-dafricains-frappes-par-la-secheresse-et-la-famine\/","og_site_name":"na! dessinateur","article_publisher":"https:\/\/www.facebook.com\/na-dessinateur-110880605617002\/","article_published_time":"2011-07-21T05:50:34+00:00","article_modified_time":"2011-07-22T06:30:41+00:00","og_image":[{"url":"http:\/\/www.dessinateur.biz\/blog\/wp-content\/uploads\/2011\/07\/781_we_are_the_world1.jpg"}],"author":"na!","twitter_card":"summary","twitter_creator":"@na_dessinateur","twitter_site":"@na_dessinateur","twitter_misc":{"\u00c9crit par":"na!"},"schema":{"@context":"https:\/\/schema.org","@graph":[{"@type":"WebSite","@id":"https:\/\/www.dessinateur.biz\/blog\/#website","url":"https:\/\/www.dessinateur.biz\/blog\/","name":"na! dessinateur","description":"Dessinateur de presse, dessinateur humoristique, dessinateur en direct, communication par le dessin d&#039;humour","potentialAction":[{"@type":"SearchAction","target":{"@type":"EntryPoint","urlTemplate":"https:\/\/www.dessinateur.biz\/blog\/?s={search_term_string}"},"query-input":"required name=search_term_string"}],"inLanguage":"fr-FR"},{"@type":"ImageObject","inLanguage":"fr-FR","@id":"https:\/\/www.dessinateur.biz\/blog\/2011\/07\/21\/nactualites-12-millions-dafricains-frappes-par-la-secheresse-et-la-famine\/#primaryimage","url":"http:\/\/www.dessinateur.biz\/blog\/wp-content\/uploads\/2011\/07\/781_we_are_the_world1.jpg","contentUrl":"http:\/\/www.dessinateur.biz\/blog\/wp-content\/uploads\/2011\/07\/781_we_are_the_world1.jpg"},{"@type":"WebPage","@id":"https:\/\/www.dessinateur.biz\/blog\/2011\/07\/21\/nactualites-12-millions-dafricains-frappes-par-la-secheresse-et-la-famine\/","url":"https:\/\/www.dessinateur.biz\/blog\/2011\/07\/21\/nactualites-12-millions-dafricains-frappes-par-la-secheresse-et-la-famine\/","name":"Nactualit\u00e9s : 12 millions d'Africains frapp\u00e9s par la s\u00e9cheresse et la famine - na! dessinateur","isPartOf":{"@id":"https:\/\/www.dessinateur.biz\/blog\/#website"},"primaryImageOfPage":{"@id":"https:\/\/www.dessinateur.biz\/blog\/2011\/07\/21\/nactualites-12-millions-dafricains-frappes-par-la-secheresse-et-la-famine\/#primaryimage"},"datePublished":"2011-07-21T05:50:34+00:00","dateModified":"2011-07-22T06:30:41+00:00","author":{"@id":"https:\/\/www.dessinateur.biz\/blog\/#\/schema\/person\/90fd246a07ba4b0ffa54158c72f0ab23"},"description":"na! dessinateur, communication par le dessin humoristique, dessin de presse, dessin en direct live pour vos s\u00e9minaires ou conventions, cr\u00e9ation graphique","breadcrumb":{"@id":"https:\/\/www.dessinateur.biz\/blog\/2011\/07\/21\/nactualites-12-millions-dafricains-frappes-par-la-secheresse-et-la-famine\/#breadcrumb"},"inLanguage":"fr-FR","potentialAction":[{"@type":"ReadAction","target":["https:\/\/www.dessinateur.biz\/blog\/2011\/07\/21\/nactualites-12-millions-dafricains-frappes-par-la-secheresse-et-la-famine\/"]}]},{"@type":"BreadcrumbList","@id":"https:\/\/www.dessinateur.biz\/blog\/2011\/07\/21\/nactualites-12-millions-dafricains-frappes-par-la-secheresse-et-la-famine\/#breadcrumb","itemListElement":[{"@type":"ListItem","position":1,"name":"Accueil","item":"https:\/\/www.dessinateur.biz\/blog\/"},{"@type":"ListItem","position":2,"name":"Nactualit\u00e9s : 12 millions d&rsquo;Africains frapp\u00e9s par la s\u00e9cheresse et la famine"}]},{"@type":"Person","@id":"https:\/\/www.dessinateur.biz\/blog\/#\/schema\/person\/90fd246a07ba4b0ffa54158c72f0ab23","name":"na!","image":{"@type":"ImageObject","inLanguage":"fr-FR","@id":"https:\/\/www.dessinateur.biz\/blog\/#\/schema\/person\/image\/","url":"https:\/\/secure.gravatar.com\/avatar\/b56295643f3232aa6d4fe18c4cff5d11?s=96&d=mm&r=g","contentUrl":"https:\/\/secure.gravatar.com\/avatar\/b56295643f3232aa6d4fe18c4cff5d11?s=96&d=mm&r=g","caption":"na!"},"url":"https:\/\/www.dessinateur.biz\/blog\/author\/admin\/"}]}},"_links":{"self":[{"href":"https:\/\/www.dessinateur.biz\/blog\/wp-json\/wp\/v2\/posts\/4444"}],"collection":[{"href":"https:\/\/www.dessinateur.biz\/blog\/wp-json\/wp\/v2\/posts"}],"about":[{"href":"https:\/\/www.dessinateur.biz\/blog\/wp-json\/wp\/v2\/types\/post"}],"author":[{"embeddable":true,"href":"https:\/\/www.dessinateur.biz\/blog\/wp-json\/wp\/v2\/users\/1"}],"replies":[{"embeddable":true,"href":"https:\/\/www.dessinateur.biz\/blog\/wp-json\/wp\/v2\/comments?post=4444"}],"version-history":[{"count":11,"href":"https:\/\/www.dessinateur.biz\/blog\/wp-json\/wp\/v2\/posts\/4444\/revisions"}],"predecessor-version":[{"id":4454,"href":"https:\/\/www.dessinateur.biz\/blog\/wp-json\/wp\/v2\/posts\/4444\/revisions\/4454"}],"wp:attachment":[{"href":"https:\/\/www.dessinateur.biz\/blog\/wp-json\/wp\/v2\/media?parent=4444"}],"wp:term":[{"taxonomy":"category","embeddable":true,"href":"https:\/\/www.dessinateur.biz\/blog\/wp-json\/wp\/v2\/categories?post=4444"},{"taxonomy":"post_tag","embeddable":true,"href":"https:\/\/www.dessinateur.biz\/blog\/wp-json\/wp\/v2\/tags?post=4444"}],"curies":[{"name":"wp","href":"https:\/\/api.w.org\/{rel}","templated":true}]}}