{"id":4362,"date":"2011-07-10T11:49:20","date_gmt":"2011-07-10T10:49:20","guid":{"rendered":"http:\/\/www.dessinateur.biz\/blog\/?p=4362"},"modified":"2011-07-10T11:49:55","modified_gmt":"2011-07-10T10:49:55","slug":"na-dans-sarko-dehors-special-bebe-sarko","status":"publish","type":"post","link":"https:\/\/www.dessinateur.biz\/blog\/2011\/07\/10\/na-dans-sarko-dehors-special-bebe-sarko\/","title":{"rendered":"Na! dans \u00ab\u00a0sarko dehors !\u00a0\u00bb sp\u00e9cial b\u00e9b\u00e9 sarko"},"content":{"rendered":"<p><img loading=\"lazy\" class=\"alignleft size-full wp-image-4363\" title=\"sarkodehors_juillaout_2011\" src=\"https:\/\/www.dessinateur.biz\/blog\/wp-content\/uploads\/2011\/07\/sarkodehors_juillaout_2011.jpg\" alt=\"\" width=\"600\" height=\"732\" srcset=\"https:\/\/www.dessinateur.biz\/blog\/wp-content\/uploads\/2011\/07\/sarkodehors_juillaout_2011.jpg 600w, https:\/\/www.dessinateur.biz\/blog\/wp-content\/uploads\/2011\/07\/sarkodehors_juillaout_2011-245x300.jpg 245w\" sizes=\"(max-width: 600px) 100vw, 600px\" \/><\/p>\n<h3>Qui<\/h3>\n<p>\u00ab\u00a0Sarko Dehors !\u00a0\u00bb journal satirique ind\u00e9pendant.<\/p>\n<h3>Quand<\/h3>\n<p>n\u00b04, dat\u00e9 juillet ao\u00fbt 2011<\/p>\n<h3>Quoi<\/h3>\n<p>S\u00e9rie de dessins in\u00e9dits, dont la Une, sur le b\u00e9b\u00e9 sarko. Pour voir les autres dessins, achetez-le ;-)<\/p>\n","protected":false},"excerpt":{"rendered":"<p>Qui \u00ab\u00a0Sarko Dehors !\u00a0\u00bb journal satirique ind\u00e9pendant. Quand n\u00b04, dat\u00e9 juillet ao\u00fbt 2011 Quoi S\u00e9rie de dessins in\u00e9dits, dont la Une, sur le b\u00e9b\u00e9 sarko. Pour voir les autres dessins, achetez-le ;-)<\/p>\n","protected":false},"author":1,"featured_media":0,"comment_status":"open","ping_status":"open","sticky":false,"template":"","format":"standard","meta":[],"categories":[24],"tags":[1711,1712,1710,5,13,1577,45,4,38,380],"yoast_head":"<!-- This site is optimized with the Yoast SEO plugin v19.3 - https:\/\/yoast.com\/wordpress\/plugins\/seo\/ -->\n<title>Na! dans &quot;sarko dehors !&quot; sp\u00e9cial b\u00e9b\u00e9 sarko - na! dessinateur<\/title>\n<meta name=\"description\" content=\"na! dessinateur, communication par le dessin humoristique, dessin de presse, dessin en direct live pour vos s\u00e9minaires ou conventions, cr\u00e9ation graphique\" \/>\n<meta name=\"robots\" content=\"noindex, follow\" \/>\n<meta property=\"og:locale\" content=\"fr_FR\" \/>\n<meta property=\"og:type\" content=\"article\" \/>\n<meta property=\"og:title\" content=\"Na! dans &quot;sarko dehors !&quot; sp\u00e9cial b\u00e9b\u00e9 sarko - na! dessinateur\" \/>\n<meta property=\"og:description\" content=\"na! dessinateur, communication par le dessin humoristique, dessin de presse, dessin en direct live pour vos s\u00e9minaires ou conventions, cr\u00e9ation graphique\" \/>\n<meta property=\"og:url\" content=\"https:\/\/www.dessinateur.biz\/blog\/2011\/07\/10\/na-dans-sarko-dehors-special-bebe-sarko\/\" \/>\n<meta property=\"og:site_name\" content=\"na! dessinateur\" \/>\n<meta property=\"article:publisher\" content=\"https:\/\/www.facebook.com\/na-dessinateur-110880605617002\/\" \/>\n<meta property=\"article:published_time\" content=\"2011-07-10T10:49:20+00:00\" \/>\n<meta property=\"article:modified_time\" content=\"2011-07-10T10:49:55+00:00\" \/>\n<meta property=\"og:image\" content=\"http:\/\/www.dessinateur.biz\/blog\/wp-content\/uploads\/2011\/07\/sarkodehors_juillaout_2011.jpg\" \/>\n<meta name=\"author\" content=\"na!\" \/>\n<meta name=\"twitter:card\" content=\"summary\" \/>\n<meta name=\"twitter:creator\" content=\"@na_dessinateur\" \/>\n<meta name=\"twitter:site\" content=\"@na_dessinateur\" \/>\n<meta name=\"twitter:label1\" content=\"\u00c9crit par\" \/>\n\t<meta name=\"twitter:data1\" content=\"na!\" \/>\n<script type=\"application\/ld+json\" class=\"yoast-schema-graph\">{\"@context\":\"https:\/\/schema.org\",\"@graph\":[{\"@type\":\"WebSite\",\"@id\":\"https:\/\/www.dessinateur.biz\/blog\/#website\",\"url\":\"https:\/\/www.dessinateur.biz\/blog\/\",\"name\":\"na! dessinateur\",\"description\":\"Dessinateur de presse, dessinateur humoristique, dessinateur en direct, communication par le dessin d&#039;humour\",\"potentialAction\":[{\"@type\":\"SearchAction\",\"target\":{\"@type\":\"EntryPoint\",\"urlTemplate\":\"https:\/\/www.dessinateur.biz\/blog\/?s={search_term_string}\"},\"query-input\":\"required name=search_term_string\"}],\"inLanguage\":\"fr-FR\"},{\"@type\":\"ImageObject\",\"inLanguage\":\"fr-FR\",\"@id\":\"https:\/\/www.dessinateur.biz\/blog\/2011\/07\/10\/na-dans-sarko-dehors-special-bebe-sarko\/#primaryimage\",\"url\":\"http:\/\/www.dessinateur.biz\/blog\/wp-content\/uploads\/2011\/07\/sarkodehors_juillaout_2011.jpg\",\"contentUrl\":\"http:\/\/www.dessinateur.biz\/blog\/wp-content\/uploads\/2011\/07\/sarkodehors_juillaout_2011.jpg\"},{\"@type\":\"WebPage\",\"@id\":\"https:\/\/www.dessinateur.biz\/blog\/2011\/07\/10\/na-dans-sarko-dehors-special-bebe-sarko\/\",\"url\":\"https:\/\/www.dessinateur.biz\/blog\/2011\/07\/10\/na-dans-sarko-dehors-special-bebe-sarko\/\",\"name\":\"Na! dans \\\"sarko dehors !\\\" sp\u00e9cial b\u00e9b\u00e9 sarko - na! dessinateur\",\"isPartOf\":{\"@id\":\"https:\/\/www.dessinateur.biz\/blog\/#website\"},\"primaryImageOfPage\":{\"@id\":\"https:\/\/www.dessinateur.biz\/blog\/2011\/07\/10\/na-dans-sarko-dehors-special-bebe-sarko\/#primaryimage\"},\"datePublished\":\"2011-07-10T10:49:20+00:00\",\"dateModified\":\"2011-07-10T10:49:55+00:00\",\"author\":{\"@id\":\"https:\/\/www.dessinateur.biz\/blog\/#\/schema\/person\/90fd246a07ba4b0ffa54158c72f0ab23\"},\"description\":\"na! dessinateur, communication par le dessin humoristique, dessin de presse, dessin en direct live pour vos s\u00e9minaires ou conventions, cr\u00e9ation graphique\",\"breadcrumb\":{\"@id\":\"https:\/\/www.dessinateur.biz\/blog\/2011\/07\/10\/na-dans-sarko-dehors-special-bebe-sarko\/#breadcrumb\"},\"inLanguage\":\"fr-FR\",\"potentialAction\":[{\"@type\":\"ReadAction\",\"target\":[\"https:\/\/www.dessinateur.biz\/blog\/2011\/07\/10\/na-dans-sarko-dehors-special-bebe-sarko\/\"]}]},{\"@type\":\"BreadcrumbList\",\"@id\":\"https:\/\/www.dessinateur.biz\/blog\/2011\/07\/10\/na-dans-sarko-dehors-special-bebe-sarko\/#breadcrumb\",\"itemListElement\":[{\"@type\":\"ListItem\",\"position\":1,\"name\":\"Accueil\",\"item\":\"https:\/\/www.dessinateur.biz\/blog\/\"},{\"@type\":\"ListItem\",\"position\":2,\"name\":\"Na! dans \u00ab\u00a0sarko dehors !\u00a0\u00bb sp\u00e9cial b\u00e9b\u00e9 sarko\"}]},{\"@type\":\"Person\",\"@id\":\"https:\/\/www.dessinateur.biz\/blog\/#\/schema\/person\/90fd246a07ba4b0ffa54158c72f0ab23\",\"name\":\"na!\",\"image\":{\"@type\":\"ImageObject\",\"inLanguage\":\"fr-FR\",\"@id\":\"https:\/\/www.dessinateur.biz\/blog\/#\/schema\/person\/image\/\",\"url\":\"https:\/\/secure.gravatar.com\/avatar\/b56295643f3232aa6d4fe18c4cff5d11?s=96&d=mm&r=g\",\"contentUrl\":\"https:\/\/secure.gravatar.com\/avatar\/b56295643f3232aa6d4fe18c4cff5d11?s=96&d=mm&r=g\",\"caption\":\"na!\"},\"url\":\"https:\/\/www.dessinateur.biz\/blog\/author\/admin\/\"}]}<\/script>\n<!-- \/ Yoast SEO plugin. -->","yoast_head_json":{"title":"Na! dans \"sarko dehors !\" sp\u00e9cial b\u00e9b\u00e9 sarko - na! dessinateur","description":"na! dessinateur, communication par le dessin humoristique, dessin de presse, dessin en direct live pour vos s\u00e9minaires ou conventions, cr\u00e9ation graphique","robots":{"index":"noindex","follow":"follow"},"og_locale":"fr_FR","og_type":"article","og_title":"Na! dans \"sarko dehors !\" sp\u00e9cial b\u00e9b\u00e9 sarko - na! dessinateur","og_description":"na! dessinateur, communication par le dessin humoristique, dessin de presse, dessin en direct live pour vos s\u00e9minaires ou conventions, cr\u00e9ation graphique","og_url":"https:\/\/www.dessinateur.biz\/blog\/2011\/07\/10\/na-dans-sarko-dehors-special-bebe-sarko\/","og_site_name":"na! dessinateur","article_publisher":"https:\/\/www.facebook.com\/na-dessinateur-110880605617002\/","article_published_time":"2011-07-10T10:49:20+00:00","article_modified_time":"2011-07-10T10:49:55+00:00","og_image":[{"url":"http:\/\/www.dessinateur.biz\/blog\/wp-content\/uploads\/2011\/07\/sarkodehors_juillaout_2011.jpg"}],"author":"na!","twitter_card":"summary","twitter_creator":"@na_dessinateur","twitter_site":"@na_dessinateur","twitter_misc":{"\u00c9crit par":"na!"},"schema":{"@context":"https:\/\/schema.org","@graph":[{"@type":"WebSite","@id":"https:\/\/www.dessinateur.biz\/blog\/#website","url":"https:\/\/www.dessinateur.biz\/blog\/","name":"na! dessinateur","description":"Dessinateur de presse, dessinateur humoristique, dessinateur en direct, communication par le dessin d&#039;humour","potentialAction":[{"@type":"SearchAction","target":{"@type":"EntryPoint","urlTemplate":"https:\/\/www.dessinateur.biz\/blog\/?s={search_term_string}"},"query-input":"required name=search_term_string"}],"inLanguage":"fr-FR"},{"@type":"ImageObject","inLanguage":"fr-FR","@id":"https:\/\/www.dessinateur.biz\/blog\/2011\/07\/10\/na-dans-sarko-dehors-special-bebe-sarko\/#primaryimage","url":"http:\/\/www.dessinateur.biz\/blog\/wp-content\/uploads\/2011\/07\/sarkodehors_juillaout_2011.jpg","contentUrl":"http:\/\/www.dessinateur.biz\/blog\/wp-content\/uploads\/2011\/07\/sarkodehors_juillaout_2011.jpg"},{"@type":"WebPage","@id":"https:\/\/www.dessinateur.biz\/blog\/2011\/07\/10\/na-dans-sarko-dehors-special-bebe-sarko\/","url":"https:\/\/www.dessinateur.biz\/blog\/2011\/07\/10\/na-dans-sarko-dehors-special-bebe-sarko\/","name":"Na! dans \"sarko dehors !\" sp\u00e9cial b\u00e9b\u00e9 sarko - na! dessinateur","isPartOf":{"@id":"https:\/\/www.dessinateur.biz\/blog\/#website"},"primaryImageOfPage":{"@id":"https:\/\/www.dessinateur.biz\/blog\/2011\/07\/10\/na-dans-sarko-dehors-special-bebe-sarko\/#primaryimage"},"datePublished":"2011-07-10T10:49:20+00:00","dateModified":"2011-07-10T10:49:55+00:00","author":{"@id":"https:\/\/www.dessinateur.biz\/blog\/#\/schema\/person\/90fd246a07ba4b0ffa54158c72f0ab23"},"description":"na! dessinateur, communication par le dessin humoristique, dessin de presse, dessin en direct live pour vos s\u00e9minaires ou conventions, cr\u00e9ation graphique","breadcrumb":{"@id":"https:\/\/www.dessinateur.biz\/blog\/2011\/07\/10\/na-dans-sarko-dehors-special-bebe-sarko\/#breadcrumb"},"inLanguage":"fr-FR","potentialAction":[{"@type":"ReadAction","target":["https:\/\/www.dessinateur.biz\/blog\/2011\/07\/10\/na-dans-sarko-dehors-special-bebe-sarko\/"]}]},{"@type":"BreadcrumbList","@id":"https:\/\/www.dessinateur.biz\/blog\/2011\/07\/10\/na-dans-sarko-dehors-special-bebe-sarko\/#breadcrumb","itemListElement":[{"@type":"ListItem","position":1,"name":"Accueil","item":"https:\/\/www.dessinateur.biz\/blog\/"},{"@type":"ListItem","position":2,"name":"Na! dans \u00ab\u00a0sarko dehors !\u00a0\u00bb sp\u00e9cial b\u00e9b\u00e9 sarko"}]},{"@type":"Person","@id":"https:\/\/www.dessinateur.biz\/blog\/#\/schema\/person\/90fd246a07ba4b0ffa54158c72f0ab23","name":"na!","image":{"@type":"ImageObject","inLanguage":"fr-FR","@id":"https:\/\/www.dessinateur.biz\/blog\/#\/schema\/person\/image\/","url":"https:\/\/secure.gravatar.com\/avatar\/b56295643f3232aa6d4fe18c4cff5d11?s=96&d=mm&r=g","contentUrl":"https:\/\/secure.gravatar.com\/avatar\/b56295643f3232aa6d4fe18c4cff5d11?s=96&d=mm&r=g","caption":"na!"},"url":"https:\/\/www.dessinateur.biz\/blog\/author\/admin\/"}]}},"_links":{"self":[{"href":"https:\/\/www.dessinateur.biz\/blog\/wp-json\/wp\/v2\/posts\/4362"}],"collection":[{"href":"https:\/\/www.dessinateur.biz\/blog\/wp-json\/wp\/v2\/posts"}],"about":[{"href":"https:\/\/www.dessinateur.biz\/blog\/wp-json\/wp\/v2\/types\/post"}],"author":[{"embeddable":true,"href":"https:\/\/www.dessinateur.biz\/blog\/wp-json\/wp\/v2\/users\/1"}],"replies":[{"embeddable":true,"href":"https:\/\/www.dessinateur.biz\/blog\/wp-json\/wp\/v2\/comments?post=4362"}],"version-history":[{"count":3,"href":"https:\/\/www.dessinateur.biz\/blog\/wp-json\/wp\/v2\/posts\/4362\/revisions"}],"predecessor-version":[{"id":4366,"href":"https:\/\/www.dessinateur.biz\/blog\/wp-json\/wp\/v2\/posts\/4362\/revisions\/4366"}],"wp:attachment":[{"href":"https:\/\/www.dessinateur.biz\/blog\/wp-json\/wp\/v2\/media?parent=4362"}],"wp:term":[{"taxonomy":"category","embeddable":true,"href":"https:\/\/www.dessinateur.biz\/blog\/wp-json\/wp\/v2\/categories?post=4362"},{"taxonomy":"post_tag","embeddable":true,"href":"https:\/\/www.dessinateur.biz\/blog\/wp-json\/wp\/v2\/tags?post=4362"}],"curies":[{"name":"wp","href":"https:\/\/api.w.org\/{rel}","templated":true}]}}