{"id":2775,"date":"2010-11-07T16:49:34","date_gmt":"2010-11-07T14:49:34","guid":{"rendered":"http:\/\/www.dessinateur.biz\/blog\/?p=2775"},"modified":"2010-11-08T12:24:51","modified_gmt":"2010-11-08T10:24:51","slug":"le-tome-2-des-nactualites-chez-vous-dedicace","status":"publish","type":"post","link":"https:\/\/www.dessinateur.biz\/blog\/2010\/11\/07\/le-tome-2-des-nactualites-chez-vous-dedicace\/","title":{"rendered":"Le tome 2 des \u00ab\u00a0nactualit\u00e9s\u00a0\u00bb chez vous, d\u00e9dicac\u00e9 !"},"content":{"rendered":"<h3><a href=\"https:\/\/www.dessinateur.biz\/blog\/le-meilleur-des-nactualites-2009-2010\/\" target=\"_self\"><img loading=\"lazy\" class=\"alignleft size-full wp-image-2776\" title=\"pub_'nactualites'\" src=\"https:\/\/www.dessinateur.biz\/blog\/wp-content\/uploads\/2010\/11\/pub_nactualites.jpg\" alt=\"\" width=\"600\" height=\"194\" srcset=\"https:\/\/www.dessinateur.biz\/blog\/wp-content\/uploads\/2010\/11\/pub_nactualites.jpg 600w, https:\/\/www.dessinateur.biz\/blog\/wp-content\/uploads\/2010\/11\/pub_nactualites-300x97.jpg 300w\" sizes=\"(max-width: 600px) 100vw, 600px\" \/><\/a>Quoi<\/h3>\n<p>Le tome 2\u00a0 des \u00ab\u00a0nactualit\u00e9s\u00a0\u00bb, recueil de dessins de presse couvrant l&rsquo;actu 2009-2010<\/p>\n<h3>Comment<\/h3>\n<p>Pour commander, c&rsquo;est par <a href=\"https:\/\/www.dessinateur.biz\/blog\/le-meilleur-des-nactualites-2009-2010\/\" target=\"_self\">ici<\/a><\/p>\n","protected":false},"excerpt":{"rendered":"<p>Quoi Le tome 2\u00a0 des \u00ab\u00a0nactualit\u00e9s\u00a0\u00bb, recueil de dessins de presse couvrant l&rsquo;actu 2009-2010 Comment Pour commander, c&rsquo;est par ici<\/p>\n","protected":false},"author":1,"featured_media":0,"comment_status":"open","ping_status":"open","sticky":false,"template":"","format":"standard","meta":[],"categories":[580],"tags":[145,146,14,5,13,1350,1349,319,4],"yoast_head":"<!-- This site is optimized with the Yoast SEO plugin v19.3 - https:\/\/yoast.com\/wordpress\/plugins\/seo\/ -->\n<title>Le tome 2 des &quot;nactualit\u00e9s&quot; chez vous, d\u00e9dicac\u00e9 ! - na! dessinateur<\/title>\n<meta name=\"description\" content=\"na! dessinateur, communication par le dessin humoristique, dessin de presse, dessin en direct live pour vos s\u00e9minaires ou conventions, cr\u00e9ation graphique\" \/>\n<meta name=\"robots\" content=\"noindex, follow\" \/>\n<meta property=\"og:locale\" content=\"fr_FR\" \/>\n<meta property=\"og:type\" content=\"article\" \/>\n<meta property=\"og:title\" content=\"Le tome 2 des &quot;nactualit\u00e9s&quot; chez vous, d\u00e9dicac\u00e9 ! - na! dessinateur\" \/>\n<meta property=\"og:description\" content=\"na! dessinateur, communication par le dessin humoristique, dessin de presse, dessin en direct live pour vos s\u00e9minaires ou conventions, cr\u00e9ation graphique\" \/>\n<meta property=\"og:url\" content=\"https:\/\/www.dessinateur.biz\/blog\/2010\/11\/07\/le-tome-2-des-nactualites-chez-vous-dedicace\/\" \/>\n<meta property=\"og:site_name\" content=\"na! dessinateur\" \/>\n<meta property=\"article:publisher\" content=\"https:\/\/www.facebook.com\/na-dessinateur-110880605617002\/\" \/>\n<meta property=\"article:published_time\" content=\"2010-11-07T14:49:34+00:00\" \/>\n<meta property=\"article:modified_time\" content=\"2010-11-08T10:24:51+00:00\" \/>\n<meta property=\"og:image\" content=\"http:\/\/www.dessinateur.biz\/blog\/wp-content\/uploads\/2010\/11\/pub_nactualites.jpg\" \/>\n<meta name=\"author\" content=\"na!\" \/>\n<meta name=\"twitter:card\" content=\"summary\" \/>\n<meta name=\"twitter:creator\" content=\"@na_dessinateur\" \/>\n<meta name=\"twitter:site\" content=\"@na_dessinateur\" \/>\n<meta name=\"twitter:label1\" content=\"\u00c9crit par\" \/>\n\t<meta name=\"twitter:data1\" content=\"na!\" \/>\n<script type=\"application\/ld+json\" class=\"yoast-schema-graph\">{\"@context\":\"https:\/\/schema.org\",\"@graph\":[{\"@type\":\"WebSite\",\"@id\":\"https:\/\/www.dessinateur.biz\/blog\/#website\",\"url\":\"https:\/\/www.dessinateur.biz\/blog\/\",\"name\":\"na! dessinateur\",\"description\":\"Dessinateur de presse, dessinateur humoristique, dessinateur en direct, communication par le dessin d&#039;humour\",\"potentialAction\":[{\"@type\":\"SearchAction\",\"target\":{\"@type\":\"EntryPoint\",\"urlTemplate\":\"https:\/\/www.dessinateur.biz\/blog\/?s={search_term_string}\"},\"query-input\":\"required name=search_term_string\"}],\"inLanguage\":\"fr-FR\"},{\"@type\":\"ImageObject\",\"inLanguage\":\"fr-FR\",\"@id\":\"https:\/\/www.dessinateur.biz\/blog\/2010\/11\/07\/le-tome-2-des-nactualites-chez-vous-dedicace\/#primaryimage\",\"url\":\"http:\/\/www.dessinateur.biz\/blog\/wp-content\/uploads\/2010\/11\/pub_nactualites.jpg\",\"contentUrl\":\"http:\/\/www.dessinateur.biz\/blog\/wp-content\/uploads\/2010\/11\/pub_nactualites.jpg\"},{\"@type\":\"WebPage\",\"@id\":\"https:\/\/www.dessinateur.biz\/blog\/2010\/11\/07\/le-tome-2-des-nactualites-chez-vous-dedicace\/\",\"url\":\"https:\/\/www.dessinateur.biz\/blog\/2010\/11\/07\/le-tome-2-des-nactualites-chez-vous-dedicace\/\",\"name\":\"Le tome 2 des \\\"nactualit\u00e9s\\\" chez vous, d\u00e9dicac\u00e9 ! - na! dessinateur\",\"isPartOf\":{\"@id\":\"https:\/\/www.dessinateur.biz\/blog\/#website\"},\"primaryImageOfPage\":{\"@id\":\"https:\/\/www.dessinateur.biz\/blog\/2010\/11\/07\/le-tome-2-des-nactualites-chez-vous-dedicace\/#primaryimage\"},\"datePublished\":\"2010-11-07T14:49:34+00:00\",\"dateModified\":\"2010-11-08T10:24:51+00:00\",\"author\":{\"@id\":\"https:\/\/www.dessinateur.biz\/blog\/#\/schema\/person\/90fd246a07ba4b0ffa54158c72f0ab23\"},\"description\":\"na! dessinateur, communication par le dessin humoristique, dessin de presse, dessin en direct live pour vos s\u00e9minaires ou conventions, cr\u00e9ation graphique\",\"breadcrumb\":{\"@id\":\"https:\/\/www.dessinateur.biz\/blog\/2010\/11\/07\/le-tome-2-des-nactualites-chez-vous-dedicace\/#breadcrumb\"},\"inLanguage\":\"fr-FR\",\"potentialAction\":[{\"@type\":\"ReadAction\",\"target\":[\"https:\/\/www.dessinateur.biz\/blog\/2010\/11\/07\/le-tome-2-des-nactualites-chez-vous-dedicace\/\"]}]},{\"@type\":\"BreadcrumbList\",\"@id\":\"https:\/\/www.dessinateur.biz\/blog\/2010\/11\/07\/le-tome-2-des-nactualites-chez-vous-dedicace\/#breadcrumb\",\"itemListElement\":[{\"@type\":\"ListItem\",\"position\":1,\"name\":\"Accueil\",\"item\":\"https:\/\/www.dessinateur.biz\/blog\/\"},{\"@type\":\"ListItem\",\"position\":2,\"name\":\"Le tome 2 des \u00ab\u00a0nactualit\u00e9s\u00a0\u00bb chez vous, d\u00e9dicac\u00e9 !\"}]},{\"@type\":\"Person\",\"@id\":\"https:\/\/www.dessinateur.biz\/blog\/#\/schema\/person\/90fd246a07ba4b0ffa54158c72f0ab23\",\"name\":\"na!\",\"image\":{\"@type\":\"ImageObject\",\"inLanguage\":\"fr-FR\",\"@id\":\"https:\/\/www.dessinateur.biz\/blog\/#\/schema\/person\/image\/\",\"url\":\"https:\/\/secure.gravatar.com\/avatar\/b56295643f3232aa6d4fe18c4cff5d11?s=96&d=mm&r=g\",\"contentUrl\":\"https:\/\/secure.gravatar.com\/avatar\/b56295643f3232aa6d4fe18c4cff5d11?s=96&d=mm&r=g\",\"caption\":\"na!\"},\"url\":\"https:\/\/www.dessinateur.biz\/blog\/author\/admin\/\"}]}<\/script>\n<!-- \/ Yoast SEO plugin. -->","yoast_head_json":{"title":"Le tome 2 des \"nactualit\u00e9s\" chez vous, d\u00e9dicac\u00e9 ! - na! dessinateur","description":"na! dessinateur, communication par le dessin humoristique, dessin de presse, dessin en direct live pour vos s\u00e9minaires ou conventions, cr\u00e9ation graphique","robots":{"index":"noindex","follow":"follow"},"og_locale":"fr_FR","og_type":"article","og_title":"Le tome 2 des \"nactualit\u00e9s\" chez vous, d\u00e9dicac\u00e9 ! - na! dessinateur","og_description":"na! dessinateur, communication par le dessin humoristique, dessin de presse, dessin en direct live pour vos s\u00e9minaires ou conventions, cr\u00e9ation graphique","og_url":"https:\/\/www.dessinateur.biz\/blog\/2010\/11\/07\/le-tome-2-des-nactualites-chez-vous-dedicace\/","og_site_name":"na! dessinateur","article_publisher":"https:\/\/www.facebook.com\/na-dessinateur-110880605617002\/","article_published_time":"2010-11-07T14:49:34+00:00","article_modified_time":"2010-11-08T10:24:51+00:00","og_image":[{"url":"http:\/\/www.dessinateur.biz\/blog\/wp-content\/uploads\/2010\/11\/pub_nactualites.jpg"}],"author":"na!","twitter_card":"summary","twitter_creator":"@na_dessinateur","twitter_site":"@na_dessinateur","twitter_misc":{"\u00c9crit par":"na!"},"schema":{"@context":"https:\/\/schema.org","@graph":[{"@type":"WebSite","@id":"https:\/\/www.dessinateur.biz\/blog\/#website","url":"https:\/\/www.dessinateur.biz\/blog\/","name":"na! dessinateur","description":"Dessinateur de presse, dessinateur humoristique, dessinateur en direct, communication par le dessin d&#039;humour","potentialAction":[{"@type":"SearchAction","target":{"@type":"EntryPoint","urlTemplate":"https:\/\/www.dessinateur.biz\/blog\/?s={search_term_string}"},"query-input":"required name=search_term_string"}],"inLanguage":"fr-FR"},{"@type":"ImageObject","inLanguage":"fr-FR","@id":"https:\/\/www.dessinateur.biz\/blog\/2010\/11\/07\/le-tome-2-des-nactualites-chez-vous-dedicace\/#primaryimage","url":"http:\/\/www.dessinateur.biz\/blog\/wp-content\/uploads\/2010\/11\/pub_nactualites.jpg","contentUrl":"http:\/\/www.dessinateur.biz\/blog\/wp-content\/uploads\/2010\/11\/pub_nactualites.jpg"},{"@type":"WebPage","@id":"https:\/\/www.dessinateur.biz\/blog\/2010\/11\/07\/le-tome-2-des-nactualites-chez-vous-dedicace\/","url":"https:\/\/www.dessinateur.biz\/blog\/2010\/11\/07\/le-tome-2-des-nactualites-chez-vous-dedicace\/","name":"Le tome 2 des \"nactualit\u00e9s\" chez vous, d\u00e9dicac\u00e9 ! - na! dessinateur","isPartOf":{"@id":"https:\/\/www.dessinateur.biz\/blog\/#website"},"primaryImageOfPage":{"@id":"https:\/\/www.dessinateur.biz\/blog\/2010\/11\/07\/le-tome-2-des-nactualites-chez-vous-dedicace\/#primaryimage"},"datePublished":"2010-11-07T14:49:34+00:00","dateModified":"2010-11-08T10:24:51+00:00","author":{"@id":"https:\/\/www.dessinateur.biz\/blog\/#\/schema\/person\/90fd246a07ba4b0ffa54158c72f0ab23"},"description":"na! dessinateur, communication par le dessin humoristique, dessin de presse, dessin en direct live pour vos s\u00e9minaires ou conventions, cr\u00e9ation graphique","breadcrumb":{"@id":"https:\/\/www.dessinateur.biz\/blog\/2010\/11\/07\/le-tome-2-des-nactualites-chez-vous-dedicace\/#breadcrumb"},"inLanguage":"fr-FR","potentialAction":[{"@type":"ReadAction","target":["https:\/\/www.dessinateur.biz\/blog\/2010\/11\/07\/le-tome-2-des-nactualites-chez-vous-dedicace\/"]}]},{"@type":"BreadcrumbList","@id":"https:\/\/www.dessinateur.biz\/blog\/2010\/11\/07\/le-tome-2-des-nactualites-chez-vous-dedicace\/#breadcrumb","itemListElement":[{"@type":"ListItem","position":1,"name":"Accueil","item":"https:\/\/www.dessinateur.biz\/blog\/"},{"@type":"ListItem","position":2,"name":"Le tome 2 des \u00ab\u00a0nactualit\u00e9s\u00a0\u00bb chez vous, d\u00e9dicac\u00e9 !"}]},{"@type":"Person","@id":"https:\/\/www.dessinateur.biz\/blog\/#\/schema\/person\/90fd246a07ba4b0ffa54158c72f0ab23","name":"na!","image":{"@type":"ImageObject","inLanguage":"fr-FR","@id":"https:\/\/www.dessinateur.biz\/blog\/#\/schema\/person\/image\/","url":"https:\/\/secure.gravatar.com\/avatar\/b56295643f3232aa6d4fe18c4cff5d11?s=96&d=mm&r=g","contentUrl":"https:\/\/secure.gravatar.com\/avatar\/b56295643f3232aa6d4fe18c4cff5d11?s=96&d=mm&r=g","caption":"na!"},"url":"https:\/\/www.dessinateur.biz\/blog\/author\/admin\/"}]}},"_links":{"self":[{"href":"https:\/\/www.dessinateur.biz\/blog\/wp-json\/wp\/v2\/posts\/2775"}],"collection":[{"href":"https:\/\/www.dessinateur.biz\/blog\/wp-json\/wp\/v2\/posts"}],"about":[{"href":"https:\/\/www.dessinateur.biz\/blog\/wp-json\/wp\/v2\/types\/post"}],"author":[{"embeddable":true,"href":"https:\/\/www.dessinateur.biz\/blog\/wp-json\/wp\/v2\/users\/1"}],"replies":[{"embeddable":true,"href":"https:\/\/www.dessinateur.biz\/blog\/wp-json\/wp\/v2\/comments?post=2775"}],"version-history":[{"count":14,"href":"https:\/\/www.dessinateur.biz\/blog\/wp-json\/wp\/v2\/posts\/2775\/revisions"}],"predecessor-version":[{"id":2797,"href":"https:\/\/www.dessinateur.biz\/blog\/wp-json\/wp\/v2\/posts\/2775\/revisions\/2797"}],"wp:attachment":[{"href":"https:\/\/www.dessinateur.biz\/blog\/wp-json\/wp\/v2\/media?parent=2775"}],"wp:term":[{"taxonomy":"category","embeddable":true,"href":"https:\/\/www.dessinateur.biz\/blog\/wp-json\/wp\/v2\/categories?post=2775"},{"taxonomy":"post_tag","embeddable":true,"href":"https:\/\/www.dessinateur.biz\/blog\/wp-json\/wp\/v2\/tags?post=2775"}],"curies":[{"name":"wp","href":"https:\/\/api.w.org\/{rel}","templated":true}]}}