{"id":18311,"date":"2022-03-14T09:36:36","date_gmt":"2022-03-14T08:36:36","guid":{"rendered":"http:\/\/www.dessinateur.biz\/blog\/?p=18311"},"modified":"2022-03-14T09:36:36","modified_gmt":"2022-03-14T08:36:36","slug":"covid-fin-masque-interieur","status":"publish","type":"post","link":"https:\/\/www.dessinateur.biz\/blog\/2022\/03\/14\/covid-fin-masque-interieur\/","title":{"rendered":"Covid, la fin du masque en int\u00e9rieur"},"content":{"rendered":"<p><img loading=\"lazy\" class=\"alignnone size-full wp-image-18312\" alt=\"lundessin_3081_fin_du_masque_HD\" src=\"https:\/\/www.dessinateur.biz\/blog\/wp-content\/uploads\/2022\/03\/lundessin_3081_fin_du_masque_HD-e1647246838977.jpg\" width=\"600\" height=\"600\" \/><\/p>\n<h5>CONTEXTE :<\/h5>\n<p>Annonc\u00e9es par Castex il y a peu, l&rsquo;all\u00e8gement des mesures sanitaires entre en vigueur ce lundi. Parmi elles, la fin du masque en int\u00e9rieur sauf dans les transports en commun et plus besoin du pass sanitaire pour aller au restaurant.<\/p>\n<h5>O\u00d9 :<\/h5>\n<p>Vous voulez soutenir mon travail ? Faites-vous plaisir, achetez mes dessins en #NFTs sur <a href=\"https:\/\/opensea.io\/collection\/nadessinateur\">https:\/\/opensea.io\/collection\/nadessinateur<\/a><br \/>\nCV :\u00a0<a href=\"http:\/\/www.adopteunna.com\/\" target=\"_blank\" data-slimstat=\"5\">http:\/\/www.adopteunna.com<br \/>\n<\/a>#NFTs :\u00a0<a href=\"http:\/\/nartgalerie.com\/\" target=\"_blank\" rev=\"en_rl_none\" data-slimstat=\"5\">nartgalerie.com<br \/>\n<\/a><a href=\"https:\/\/www.facebook.com\/hashtag\/loeildena?source=feed_text&amp;epa=HASHTAG&amp;__xts__%5B0%5D=68.ARDcqggtxq9wKPNWBAJuMskV_XUJC0d1o7CmrGPlsn3-omN0ew_Ixd93BEHReC942GdOpC57S43dVocpF-qjLzcK_W8enf1fyGfE9_PpYJxcCSeNAbh5kib6VjvD78nnrpNVjHznwZNdjQ-DrJV-B5xh0Ys9UxqKHBMMl2q7ubFfhIF9Bfd5YPU-iAjq0S_sprGXrxevbjBx2rU-LUfEsVxKaHeab_cKs7Lsr-dXfncsfcjwO3FfhJ32eiqsMlse8h22L4yHjBOX9SlTHG_FQRz5_zQfwfkv8z4FzRwh5V4neKGYNz9OcNKcitCb7I88dyXMXp8gpbAX41fofmu0K-hl0g&amp;__tn__=%2ANK-R\" data-ft=\"{&quot;type&quot;:104,&quot;tn&quot;:&quot;*N&quot;}\" data-slimstat=\"5\">#loeildena<\/a>\u00a0sur<br \/>\ninsta\u00a0<a href=\"https:\/\/l.facebook.com\/l.php?u=https%3A%2F%2Fwww.instagram.com%2Fna_dessinateur%2F%3Ffbclid%3DIwAR3CzTUgNBK32vwDJrrlcK1r-ziSQdOX8C8PBlavIT2yYJ1GlaDofCKrB3U&amp;h=AT2ogbqoaER8tMGc1zyTnzgxHQ3O-m6-kprcZuRdFky7_jF8kVWp1zJJ5pHSFgvkPKtIrsJLCFgOyKYfn2r_5OER8CL3-hEOaGd2eA8XXT2RRyptEy_zeNOYNRzMUSD6buB8iF-Bgx_LxUjbo7UAuqQzfw269e7vNW_iL-ZdOvuZBaQegp-LL5NWUpTKZy9Zvt8xbTTGG0DJV-pwuh47aEPVKAICa-CIGmKQI0FRgC8NsTSMfI_NFzMHrrtsQoG7KJxqYVaForQev8ygxmql6JTW95q8wAvjq1qt1PiSi1I4Cu78M--XiQCINM-qWeasri9nMyi0NxhV8K-vLOKjBEW-oGitmwH_BlZFW4PA_Q4bSMKS2N2BXnl0cg2GKNLGThobUX8jseytsdI5OJZB32p9Up0W0141nk8MgfLiEuLRDgAHb8UNoB_--M4fzHS7znlW9qYS7mH-tJBwZ0HdLBWA-ITEEZpcBZS8ILyCptTeasvtKX_r5IVmH5Ze_MKsphXXfSuJ-DaZcoZ82-aVJMtnnXWxAYPjDf5Zl11-GZmw4m5ufUlirL3VwBMZO3gYCDEyM-dWIsBYfTnLD5HpwHMUkIrVYsPENpdSYSO0XV_BCheZUzCvSgX9PHO2DIUUcjFc\" target=\"_blank\" rel=\"noopener nofollow\" data-ft=\"{&quot;tn&quot;:&quot;-U&quot;}\" data-lynx-mode=\"async\" data-slimstat=\"5\">https:\/\/www.instagram.com\/na_dessinateur\/<br \/>\n<\/a>fb\u00a0<a href=\"https:\/\/fb.me\/dessinateurNA\" target=\"_blank\" data-hovercard=\"\/ajax\/hovercard\/page.php?id=110880605617002&amp;extragetparams=%7B%22__tn__%22%3A%22%2CdK-R-R%22%2C%22eid%22%3A%22ARBHsMj0uumHuzK54TTJB5dWENgbfsUgmdIMZz-TVh8JAHDBTQjYNEWzi0vh5OxoZpb1UnJ5srshfiN7%22%2C%22fref%22%3A%22mentions%22%7D\" data-hovercard-prefer-more-content-show=\"1\" data-slimstat=\"5\">https:\/\/fb.me\/dessinateurNA<br \/>\n<\/a>twitter\u00a0<a href=\"https:\/\/twitter.com\/na_dessinateur?fbclid=IwAR3zgoEBHadFql3rVmawcie32Gpxv73N-a_hmaMrdMmHGJIxDrSqsBMw_UQ\" target=\"_blank\" rel=\"noopener nofollow\" data-ft=\"{&quot;tn&quot;:&quot;-U&quot;}\" data-lynx-mode=\"async\" data-lynx-uri=\"https:\/\/l.facebook.com\/l.php?u=https%3A%2F%2Ftwitter.com%2Fna_dessinateur%3Ffbclid%3DIwAR3zgoEBHadFql3rVmawcie32Gpxv73N-a_hmaMrdMmHGJIxDrSqsBMw_UQ&amp;h=AT3BEwFJ6IzuDTk1iHyyfM9M3KxhZSQgjaStN1EMzMD7zqZT1HiJp0CKLZYO-Gmu5Qy-_OVTx9ppgD3Rgaw8BcNsBjHIQ79zv3v9BraXD03EZfmNS_0M_wmVTKTNges9pEp7VnpVUObj_9hi1GsQ8xqvCzWSGfVtcv2hFceDOtveaLjWgzVtzB9EXhh14nKnhT-Fg_3DpM9fLLW3EKzvB91NCC9ZZSYfnYKwoisTr7hpWiRicq_TlcpnztPozt3gUZe_p4M-yyXsvErS94Z9Nz8Lq9_5oWg902dIzK14mlsnm05pxukQg2Z3-VMH6uono_Xph5_AdLIVzslsalo6EIqZLs6eBygUje_MGvMj5Uo3K_EKtKCyGY35CjLKDhTofOLLwIiP-PzQW6zMYEEFmjv-1k_zW47pXaWEk52DaZg87u-B7dUuSe0q0ARV8oWX68OcNyiD9K2_8WRlFxdgdM87dozqh-DjESEsOhTLhsI2MaAGonZ1JW8Qvd9FnADFWfTNGC_UR91PfyoGj3vX2UvdcxcowXbdHlTqktRDM_iHwFCufVK9IDUVfzhfJpF_E-Kdy5x7_WYJvTfjLvklhFcY18C7KJ6eQewBhVWDPLx5AYKgwAXTM-ta-qYoHGSEy68U\" data-slimstat=\"5\">https:\/\/twitter.com\/na_dessinateur<br \/>\n<\/a>youtube\u00a0<a href=\"https:\/\/www.youtube.com\/channel\/UCx_BqzvxmIw0sP22GlYaDJA?fbclid=IwAR1Hv44H0_GEPuNeOQjOg485pWciYDWQYzvZz4LSJ-kYUAwUepwzjozOcZw\" target=\"_blank\" rel=\"noopener nofollow\" data-ft=\"{&quot;tn&quot;:&quot;-U&quot;}\" data-lynx-mode=\"async\" data-lynx-uri=\"https:\/\/l.facebook.com\/l.php?u=https%3A%2F%2Fwww.youtube.com%2Fchannel%2FUCx_BqzvxmIw0sP22GlYaDJA%3Ffbclid%3DIwAR1Hv44H0_GEPuNeOQjOg485pWciYDWQYzvZz4LSJ-kYUAwUepwzjozOcZw&amp;h=AT1s1NZeZNmA8pobkcRmKh-ToQNWVnEOz8Z5Wgi03OSwLsRt1tzRSL7m5FjlDeA4eW7--oJiQ-kd4YNlBlBAtAd0zaVxxoVnd13zkAQ3gq2t0vZngByqsEgBlOsw4mdiDpUmIpsH7Mrfem1fhTBYF08F853TjGUMNHTq345T_grBnUf3AHHIHMh9uCfvHjZNFvM-HW8flu4_sryY6kWJNLYD_j4KYGJkDCbZ5V-0QSIwdWc_IgRqq9zlaSNgOdd83VVSNdYLnGEERVh-enItZdmjcDx4hCkkBkbAWQZkkuS8RCTLtdcq2HrGfI8RAJPon91ZgmD-iQNI21oEByWBimGDjfNplzDVV9yXGk4o3IGKQ_LXydjj6frcBcOGdoUFn0m4Vgr-7Q_OMLsLG9rZcznHN1mHGwHsixX0XaMLJcqNFTvcJzCgXEcehCtY4D0svn-zWOThiamq9d9g0biP_72iVPPRLq6rqWnd6USZZlEuVg89jqUhT8oI9MR_UCdXqce1M-zP1QVrDcpJe3EPNhhiyg57leGbtLdXjx1PMBtyFZMKY8YrRkht-2ZNyt54U91Sqlv45JHZ-H7ENwkj_L-uleV1QMasHEA8X0oHtIlEI6IIbxacVT2X99MMKL4nVfWn\" data-slimstat=\"5\">https:\/\/www.youtube.com\/channel\/UCx_BqzvxmIw0sP22GlYa<\/a><\/p>\n","protected":false},"excerpt":{"rendered":"<p>CONTEXTE : Annonc\u00e9es par Castex il y a peu, l&rsquo;all\u00e8gement des mesures sanitaires entre en vigueur ce lundi. Parmi elles, la fin du masque en int\u00e9rieur sauf dans les transports en commun et plus besoin du pass sanitaire pour aller au restaurant. O\u00d9 : Vous voulez soutenir mon travail ? Faites-vous plaisir, achetez mes dessins [&hellip;]<\/p>\n","protected":false},"author":1,"featured_media":0,"comment_status":"open","ping_status":"open","sticky":false,"template":"","format":"standard","meta":[],"categories":[6],"tags":[4043,6489,2752,6478,6178,67,5325,11,5,5193,13,1577,5669,7649,5353,5671,6061,45,2556,544,578,4,119],"yoast_head":"<!-- This site is optimized with the Yoast SEO plugin v19.3 - https:\/\/yoast.com\/wordpress\/plugins\/seo\/ -->\n<title>Covid, la fin du masque en int\u00e9rieur - na! dessinateur<\/title>\n<meta name=\"description\" content=\"na! dessinateur, communication par le dessin humoristique, dessin de presse, dessin en direct live pour vos s\u00e9minaires ou conventions, cr\u00e9ation graphique\" \/>\n<meta name=\"robots\" content=\"noindex, follow\" \/>\n<meta property=\"og:locale\" content=\"fr_FR\" \/>\n<meta property=\"og:type\" content=\"article\" \/>\n<meta property=\"og:title\" content=\"Covid, la fin du masque en int\u00e9rieur - na! dessinateur\" \/>\n<meta property=\"og:description\" content=\"na! dessinateur, communication par le dessin humoristique, dessin de presse, dessin en direct live pour vos s\u00e9minaires ou conventions, cr\u00e9ation graphique\" \/>\n<meta property=\"og:url\" content=\"https:\/\/www.dessinateur.biz\/blog\/2022\/03\/14\/covid-fin-masque-interieur\/\" \/>\n<meta property=\"og:site_name\" content=\"na! dessinateur\" \/>\n<meta property=\"article:publisher\" content=\"https:\/\/www.facebook.com\/na-dessinateur-110880605617002\/\" \/>\n<meta property=\"article:published_time\" content=\"2022-03-14T08:36:36+00:00\" \/>\n<meta property=\"og:image\" content=\"http:\/\/www.dessinateur.biz\/blog\/wp-content\/uploads\/2022\/03\/lundessin_3081_fin_du_masque_HD-e1647246838977.jpg\" \/>\n<meta name=\"author\" content=\"na!\" \/>\n<meta name=\"twitter:card\" content=\"summary\" \/>\n<meta name=\"twitter:creator\" content=\"@na_dessinateur\" \/>\n<meta name=\"twitter:site\" content=\"@na_dessinateur\" \/>\n<meta name=\"twitter:label1\" content=\"\u00c9crit par\" \/>\n\t<meta name=\"twitter:data1\" content=\"na!\" \/>\n\t<meta name=\"twitter:label2\" content=\"Dur\u00e9e de lecture estim\u00e9e\" \/>\n\t<meta name=\"twitter:data2\" content=\"1 minute\" \/>\n<script type=\"application\/ld+json\" class=\"yoast-schema-graph\">{\"@context\":\"https:\/\/schema.org\",\"@graph\":[{\"@type\":\"WebSite\",\"@id\":\"https:\/\/www.dessinateur.biz\/blog\/#website\",\"url\":\"https:\/\/www.dessinateur.biz\/blog\/\",\"name\":\"na! dessinateur\",\"description\":\"Dessinateur de presse, dessinateur humoristique, dessinateur en direct, communication par le dessin d&#039;humour\",\"potentialAction\":[{\"@type\":\"SearchAction\",\"target\":{\"@type\":\"EntryPoint\",\"urlTemplate\":\"https:\/\/www.dessinateur.biz\/blog\/?s={search_term_string}\"},\"query-input\":\"required name=search_term_string\"}],\"inLanguage\":\"fr-FR\"},{\"@type\":\"ImageObject\",\"inLanguage\":\"fr-FR\",\"@id\":\"https:\/\/www.dessinateur.biz\/blog\/2022\/03\/14\/covid-fin-masque-interieur\/#primaryimage\",\"url\":\"http:\/\/www.dessinateur.biz\/blog\/wp-content\/uploads\/2022\/03\/lundessin_3081_fin_du_masque_HD-e1647246838977.jpg\",\"contentUrl\":\"http:\/\/www.dessinateur.biz\/blog\/wp-content\/uploads\/2022\/03\/lundessin_3081_fin_du_masque_HD-e1647246838977.jpg\"},{\"@type\":\"WebPage\",\"@id\":\"https:\/\/www.dessinateur.biz\/blog\/2022\/03\/14\/covid-fin-masque-interieur\/\",\"url\":\"https:\/\/www.dessinateur.biz\/blog\/2022\/03\/14\/covid-fin-masque-interieur\/\",\"name\":\"Covid, la fin du masque en int\u00e9rieur - na! dessinateur\",\"isPartOf\":{\"@id\":\"https:\/\/www.dessinateur.biz\/blog\/#website\"},\"primaryImageOfPage\":{\"@id\":\"https:\/\/www.dessinateur.biz\/blog\/2022\/03\/14\/covid-fin-masque-interieur\/#primaryimage\"},\"datePublished\":\"2022-03-14T08:36:36+00:00\",\"dateModified\":\"2022-03-14T08:36:36+00:00\",\"author\":{\"@id\":\"https:\/\/www.dessinateur.biz\/blog\/#\/schema\/person\/90fd246a07ba4b0ffa54158c72f0ab23\"},\"description\":\"na! dessinateur, communication par le dessin humoristique, dessin de presse, dessin en direct live pour vos s\u00e9minaires ou conventions, cr\u00e9ation graphique\",\"breadcrumb\":{\"@id\":\"https:\/\/www.dessinateur.biz\/blog\/2022\/03\/14\/covid-fin-masque-interieur\/#breadcrumb\"},\"inLanguage\":\"fr-FR\",\"potentialAction\":[{\"@type\":\"ReadAction\",\"target\":[\"https:\/\/www.dessinateur.biz\/blog\/2022\/03\/14\/covid-fin-masque-interieur\/\"]}]},{\"@type\":\"BreadcrumbList\",\"@id\":\"https:\/\/www.dessinateur.biz\/blog\/2022\/03\/14\/covid-fin-masque-interieur\/#breadcrumb\",\"itemListElement\":[{\"@type\":\"ListItem\",\"position\":1,\"name\":\"Accueil\",\"item\":\"https:\/\/www.dessinateur.biz\/blog\/\"},{\"@type\":\"ListItem\",\"position\":2,\"name\":\"Covid, la fin du masque en int\u00e9rieur\"}]},{\"@type\":\"Person\",\"@id\":\"https:\/\/www.dessinateur.biz\/blog\/#\/schema\/person\/90fd246a07ba4b0ffa54158c72f0ab23\",\"name\":\"na!\",\"image\":{\"@type\":\"ImageObject\",\"inLanguage\":\"fr-FR\",\"@id\":\"https:\/\/www.dessinateur.biz\/blog\/#\/schema\/person\/image\/\",\"url\":\"https:\/\/secure.gravatar.com\/avatar\/b56295643f3232aa6d4fe18c4cff5d11?s=96&d=mm&r=g\",\"contentUrl\":\"https:\/\/secure.gravatar.com\/avatar\/b56295643f3232aa6d4fe18c4cff5d11?s=96&d=mm&r=g\",\"caption\":\"na!\"},\"url\":\"https:\/\/www.dessinateur.biz\/blog\/author\/admin\/\"}]}<\/script>\n<!-- \/ Yoast SEO plugin. -->","yoast_head_json":{"title":"Covid, la fin du masque en int\u00e9rieur - na! dessinateur","description":"na! dessinateur, communication par le dessin humoristique, dessin de presse, dessin en direct live pour vos s\u00e9minaires ou conventions, cr\u00e9ation graphique","robots":{"index":"noindex","follow":"follow"},"og_locale":"fr_FR","og_type":"article","og_title":"Covid, la fin du masque en int\u00e9rieur - na! dessinateur","og_description":"na! dessinateur, communication par le dessin humoristique, dessin de presse, dessin en direct live pour vos s\u00e9minaires ou conventions, cr\u00e9ation graphique","og_url":"https:\/\/www.dessinateur.biz\/blog\/2022\/03\/14\/covid-fin-masque-interieur\/","og_site_name":"na! dessinateur","article_publisher":"https:\/\/www.facebook.com\/na-dessinateur-110880605617002\/","article_published_time":"2022-03-14T08:36:36+00:00","og_image":[{"url":"http:\/\/www.dessinateur.biz\/blog\/wp-content\/uploads\/2022\/03\/lundessin_3081_fin_du_masque_HD-e1647246838977.jpg"}],"author":"na!","twitter_card":"summary","twitter_creator":"@na_dessinateur","twitter_site":"@na_dessinateur","twitter_misc":{"\u00c9crit par":"na!","Dur\u00e9e de lecture estim\u00e9e":"1 minute"},"schema":{"@context":"https:\/\/schema.org","@graph":[{"@type":"WebSite","@id":"https:\/\/www.dessinateur.biz\/blog\/#website","url":"https:\/\/www.dessinateur.biz\/blog\/","name":"na! dessinateur","description":"Dessinateur de presse, dessinateur humoristique, dessinateur en direct, communication par le dessin d&#039;humour","potentialAction":[{"@type":"SearchAction","target":{"@type":"EntryPoint","urlTemplate":"https:\/\/www.dessinateur.biz\/blog\/?s={search_term_string}"},"query-input":"required name=search_term_string"}],"inLanguage":"fr-FR"},{"@type":"ImageObject","inLanguage":"fr-FR","@id":"https:\/\/www.dessinateur.biz\/blog\/2022\/03\/14\/covid-fin-masque-interieur\/#primaryimage","url":"http:\/\/www.dessinateur.biz\/blog\/wp-content\/uploads\/2022\/03\/lundessin_3081_fin_du_masque_HD-e1647246838977.jpg","contentUrl":"http:\/\/www.dessinateur.biz\/blog\/wp-content\/uploads\/2022\/03\/lundessin_3081_fin_du_masque_HD-e1647246838977.jpg"},{"@type":"WebPage","@id":"https:\/\/www.dessinateur.biz\/blog\/2022\/03\/14\/covid-fin-masque-interieur\/","url":"https:\/\/www.dessinateur.biz\/blog\/2022\/03\/14\/covid-fin-masque-interieur\/","name":"Covid, la fin du masque en int\u00e9rieur - na! dessinateur","isPartOf":{"@id":"https:\/\/www.dessinateur.biz\/blog\/#website"},"primaryImageOfPage":{"@id":"https:\/\/www.dessinateur.biz\/blog\/2022\/03\/14\/covid-fin-masque-interieur\/#primaryimage"},"datePublished":"2022-03-14T08:36:36+00:00","dateModified":"2022-03-14T08:36:36+00:00","author":{"@id":"https:\/\/www.dessinateur.biz\/blog\/#\/schema\/person\/90fd246a07ba4b0ffa54158c72f0ab23"},"description":"na! dessinateur, communication par le dessin humoristique, dessin de presse, dessin en direct live pour vos s\u00e9minaires ou conventions, cr\u00e9ation graphique","breadcrumb":{"@id":"https:\/\/www.dessinateur.biz\/blog\/2022\/03\/14\/covid-fin-masque-interieur\/#breadcrumb"},"inLanguage":"fr-FR","potentialAction":[{"@type":"ReadAction","target":["https:\/\/www.dessinateur.biz\/blog\/2022\/03\/14\/covid-fin-masque-interieur\/"]}]},{"@type":"BreadcrumbList","@id":"https:\/\/www.dessinateur.biz\/blog\/2022\/03\/14\/covid-fin-masque-interieur\/#breadcrumb","itemListElement":[{"@type":"ListItem","position":1,"name":"Accueil","item":"https:\/\/www.dessinateur.biz\/blog\/"},{"@type":"ListItem","position":2,"name":"Covid, la fin du masque en int\u00e9rieur"}]},{"@type":"Person","@id":"https:\/\/www.dessinateur.biz\/blog\/#\/schema\/person\/90fd246a07ba4b0ffa54158c72f0ab23","name":"na!","image":{"@type":"ImageObject","inLanguage":"fr-FR","@id":"https:\/\/www.dessinateur.biz\/blog\/#\/schema\/person\/image\/","url":"https:\/\/secure.gravatar.com\/avatar\/b56295643f3232aa6d4fe18c4cff5d11?s=96&d=mm&r=g","contentUrl":"https:\/\/secure.gravatar.com\/avatar\/b56295643f3232aa6d4fe18c4cff5d11?s=96&d=mm&r=g","caption":"na!"},"url":"https:\/\/www.dessinateur.biz\/blog\/author\/admin\/"}]}},"_links":{"self":[{"href":"https:\/\/www.dessinateur.biz\/blog\/wp-json\/wp\/v2\/posts\/18311"}],"collection":[{"href":"https:\/\/www.dessinateur.biz\/blog\/wp-json\/wp\/v2\/posts"}],"about":[{"href":"https:\/\/www.dessinateur.biz\/blog\/wp-json\/wp\/v2\/types\/post"}],"author":[{"embeddable":true,"href":"https:\/\/www.dessinateur.biz\/blog\/wp-json\/wp\/v2\/users\/1"}],"replies":[{"embeddable":true,"href":"https:\/\/www.dessinateur.biz\/blog\/wp-json\/wp\/v2\/comments?post=18311"}],"version-history":[{"count":1,"href":"https:\/\/www.dessinateur.biz\/blog\/wp-json\/wp\/v2\/posts\/18311\/revisions"}],"predecessor-version":[{"id":18313,"href":"https:\/\/www.dessinateur.biz\/blog\/wp-json\/wp\/v2\/posts\/18311\/revisions\/18313"}],"wp:attachment":[{"href":"https:\/\/www.dessinateur.biz\/blog\/wp-json\/wp\/v2\/media?parent=18311"}],"wp:term":[{"taxonomy":"category","embeddable":true,"href":"https:\/\/www.dessinateur.biz\/blog\/wp-json\/wp\/v2\/categories?post=18311"},{"taxonomy":"post_tag","embeddable":true,"href":"https:\/\/www.dessinateur.biz\/blog\/wp-json\/wp\/v2\/tags?post=18311"}],"curies":[{"name":"wp","href":"https:\/\/api.w.org\/{rel}","templated":true}]}}