{"id":16316,"date":"2020-02-19T10:18:33","date_gmt":"2020-02-19T09:18:33","guid":{"rendered":"http:\/\/www.dessinateur.biz\/blog\/?p=16316"},"modified":"2020-02-19T10:18:33","modified_gmt":"2020-02-19T09:18:33","slug":"fessenheim-arret-officiel-apres-43-ans","status":"publish","type":"post","link":"https:\/\/www.dessinateur.biz\/blog\/2020\/02\/19\/fessenheim-arret-officiel-apres-43-ans\/","title":{"rendered":"Fessenheim, arr\u00eat officiel apr\u00e8s 43 ans"},"content":{"rendered":"<p><img loading=\"lazy\" class=\"alignnone size-full wp-image-16317\" alt=\"mercredessin_2649_arr\u00eat_fessenheim\" src=\"https:\/\/www.dessinateur.biz\/blog\/wp-content\/uploads\/2020\/02\/mercredessin_2649_arr\u00eat_fessenheim.jpg\" width=\"600\" height=\"449\" srcset=\"https:\/\/www.dessinateur.biz\/blog\/wp-content\/uploads\/2020\/02\/mercredessin_2649_arr\u00eat_fessenheim.jpg 600w, https:\/\/www.dessinateur.biz\/blog\/wp-content\/uploads\/2020\/02\/mercredessin_2649_arr\u00eat_fessenheim-300x224.jpg 300w\" sizes=\"(max-width: 600px) 100vw, 600px\" \/><\/p>\n<div>\n<div>\n<h3>Contexte :<\/h3>\n<\/div>\n<div>\n<div>En fonction depuis 43 ans, on nous annonce ce mercredi 19 f\u00e9vrier, le d\u00e9but de la fin officielle de la centrale nucl\u00e9aire de Fessenheim. On nous en parle depuis plusieurs ann\u00e9es, Hollande l\u2019avait promis en 2012 et c\u2019est Macron qui le fait. De quoi verdire son image \u00e0 l\u2019approche d\u2019\u00e9ch\u00e9ances \u00e9lectorales ?<\/div>\n<\/div>\n<h3>O\u00d9 :<\/h3>\n<\/div>\n<p>L\u2019oeil de na! Saison 8, d\u00e8s 12h sur la cha\u00eene BFMTV, mais aussi sur\u00a0<a href=\"https:\/\/www.instagram.com\/na_dessinateur\/\" target=\"_blank\" data-slimstat=\"5\">Instagram<\/a>,\u00a0<a href=\"https:\/\/www.facebook.com\/na-dessinateur-110880605617002\/timeline\/\" target=\"_blank\" data-slimstat=\"5\">facebook<\/a>\u00a0et\u00a0<a href=\"https:\/\/twitter.com\/na_dessinateur\" target=\"_blank\" data-slimstat=\"5\">twitter<\/a><\/p>\n","protected":false},"excerpt":{"rendered":"<p>Contexte : En fonction depuis 43 ans, on nous annonce ce mercredi 19 f\u00e9vrier, le d\u00e9but de la fin officielle de la centrale nucl\u00e9aire de Fessenheim. On nous en parle depuis plusieurs ann\u00e9es, Hollande l\u2019avait promis en 2012 et c\u2019est Macron qui le fait. De quoi verdire son image \u00e0 l\u2019approche d\u2019\u00e9ch\u00e9ances \u00e9lectorales ? O\u00d9 [&hellip;]<\/p>\n","protected":false},"author":1,"featured_media":0,"comment_status":"open","ping_status":"open","sticky":false,"template":"","format":"standard","meta":[],"categories":[6],"tags":[1501,1553,413,14,67,11,4028,5,5193,13,1577,763,7,3217,3070,5669,5671,544,1569,4,1018],"yoast_head":"<!-- This site is optimized with the Yoast SEO plugin v19.3 - https:\/\/yoast.com\/wordpress\/plugins\/seo\/ -->\n<title>Fessenheim, arr\u00eat officiel apr\u00e8s 43 ans - na! dessinateur<\/title>\n<meta name=\"description\" content=\"na! dessinateur, communication par le dessin humoristique, dessin de presse, dessin en direct live pour vos s\u00e9minaires ou conventions, cr\u00e9ation graphique\" \/>\n<meta name=\"robots\" content=\"noindex, follow\" \/>\n<meta property=\"og:locale\" content=\"fr_FR\" \/>\n<meta property=\"og:type\" content=\"article\" \/>\n<meta property=\"og:title\" content=\"Fessenheim, arr\u00eat officiel apr\u00e8s 43 ans - na! dessinateur\" \/>\n<meta property=\"og:description\" content=\"na! dessinateur, communication par le dessin humoristique, dessin de presse, dessin en direct live pour vos s\u00e9minaires ou conventions, cr\u00e9ation graphique\" \/>\n<meta property=\"og:url\" content=\"https:\/\/www.dessinateur.biz\/blog\/2020\/02\/19\/fessenheim-arret-officiel-apres-43-ans\/\" \/>\n<meta property=\"og:site_name\" content=\"na! dessinateur\" \/>\n<meta property=\"article:publisher\" content=\"https:\/\/www.facebook.com\/na-dessinateur-110880605617002\/\" \/>\n<meta property=\"article:published_time\" content=\"2020-02-19T09:18:33+00:00\" \/>\n<meta name=\"author\" content=\"na!\" \/>\n<meta name=\"twitter:card\" content=\"summary\" \/>\n<meta name=\"twitter:creator\" content=\"@na_dessinateur\" \/>\n<meta name=\"twitter:site\" content=\"@na_dessinateur\" \/>\n<meta name=\"twitter:label1\" content=\"\u00c9crit par\" \/>\n\t<meta name=\"twitter:data1\" content=\"na!\" \/>\n<script type=\"application\/ld+json\" class=\"yoast-schema-graph\">{\"@context\":\"https:\/\/schema.org\",\"@graph\":[{\"@type\":\"WebSite\",\"@id\":\"https:\/\/www.dessinateur.biz\/blog\/#website\",\"url\":\"https:\/\/www.dessinateur.biz\/blog\/\",\"name\":\"na! dessinateur\",\"description\":\"Dessinateur de presse, dessinateur humoristique, dessinateur en direct, communication par le dessin d&#039;humour\",\"potentialAction\":[{\"@type\":\"SearchAction\",\"target\":{\"@type\":\"EntryPoint\",\"urlTemplate\":\"https:\/\/www.dessinateur.biz\/blog\/?s={search_term_string}\"},\"query-input\":\"required name=search_term_string\"}],\"inLanguage\":\"fr-FR\"},{\"@type\":\"WebPage\",\"@id\":\"https:\/\/www.dessinateur.biz\/blog\/2020\/02\/19\/fessenheim-arret-officiel-apres-43-ans\/\",\"url\":\"https:\/\/www.dessinateur.biz\/blog\/2020\/02\/19\/fessenheim-arret-officiel-apres-43-ans\/\",\"name\":\"Fessenheim, arr\u00eat officiel apr\u00e8s 43 ans - na! dessinateur\",\"isPartOf\":{\"@id\":\"https:\/\/www.dessinateur.biz\/blog\/#website\"},\"datePublished\":\"2020-02-19T09:18:33+00:00\",\"dateModified\":\"2020-02-19T09:18:33+00:00\",\"author\":{\"@id\":\"https:\/\/www.dessinateur.biz\/blog\/#\/schema\/person\/90fd246a07ba4b0ffa54158c72f0ab23\"},\"description\":\"na! dessinateur, communication par le dessin humoristique, dessin de presse, dessin en direct live pour vos s\u00e9minaires ou conventions, cr\u00e9ation graphique\",\"breadcrumb\":{\"@id\":\"https:\/\/www.dessinateur.biz\/blog\/2020\/02\/19\/fessenheim-arret-officiel-apres-43-ans\/#breadcrumb\"},\"inLanguage\":\"fr-FR\",\"potentialAction\":[{\"@type\":\"ReadAction\",\"target\":[\"https:\/\/www.dessinateur.biz\/blog\/2020\/02\/19\/fessenheim-arret-officiel-apres-43-ans\/\"]}]},{\"@type\":\"BreadcrumbList\",\"@id\":\"https:\/\/www.dessinateur.biz\/blog\/2020\/02\/19\/fessenheim-arret-officiel-apres-43-ans\/#breadcrumb\",\"itemListElement\":[{\"@type\":\"ListItem\",\"position\":1,\"name\":\"Accueil\",\"item\":\"https:\/\/www.dessinateur.biz\/blog\/\"},{\"@type\":\"ListItem\",\"position\":2,\"name\":\"Fessenheim, arr\u00eat officiel apr\u00e8s 43 ans\"}]},{\"@type\":\"Person\",\"@id\":\"https:\/\/www.dessinateur.biz\/blog\/#\/schema\/person\/90fd246a07ba4b0ffa54158c72f0ab23\",\"name\":\"na!\",\"image\":{\"@type\":\"ImageObject\",\"inLanguage\":\"fr-FR\",\"@id\":\"https:\/\/www.dessinateur.biz\/blog\/#\/schema\/person\/image\/\",\"url\":\"https:\/\/secure.gravatar.com\/avatar\/b56295643f3232aa6d4fe18c4cff5d11?s=96&d=mm&r=g\",\"contentUrl\":\"https:\/\/secure.gravatar.com\/avatar\/b56295643f3232aa6d4fe18c4cff5d11?s=96&d=mm&r=g\",\"caption\":\"na!\"},\"url\":\"https:\/\/www.dessinateur.biz\/blog\/author\/admin\/\"}]}<\/script>\n<!-- \/ Yoast SEO plugin. -->","yoast_head_json":{"title":"Fessenheim, arr\u00eat officiel apr\u00e8s 43 ans - na! dessinateur","description":"na! dessinateur, communication par le dessin humoristique, dessin de presse, dessin en direct live pour vos s\u00e9minaires ou conventions, cr\u00e9ation graphique","robots":{"index":"noindex","follow":"follow"},"og_locale":"fr_FR","og_type":"article","og_title":"Fessenheim, arr\u00eat officiel apr\u00e8s 43 ans - na! dessinateur","og_description":"na! dessinateur, communication par le dessin humoristique, dessin de presse, dessin en direct live pour vos s\u00e9minaires ou conventions, cr\u00e9ation graphique","og_url":"https:\/\/www.dessinateur.biz\/blog\/2020\/02\/19\/fessenheim-arret-officiel-apres-43-ans\/","og_site_name":"na! dessinateur","article_publisher":"https:\/\/www.facebook.com\/na-dessinateur-110880605617002\/","article_published_time":"2020-02-19T09:18:33+00:00","author":"na!","twitter_card":"summary","twitter_creator":"@na_dessinateur","twitter_site":"@na_dessinateur","twitter_misc":{"\u00c9crit par":"na!"},"schema":{"@context":"https:\/\/schema.org","@graph":[{"@type":"WebSite","@id":"https:\/\/www.dessinateur.biz\/blog\/#website","url":"https:\/\/www.dessinateur.biz\/blog\/","name":"na! dessinateur","description":"Dessinateur de presse, dessinateur humoristique, dessinateur en direct, communication par le dessin d&#039;humour","potentialAction":[{"@type":"SearchAction","target":{"@type":"EntryPoint","urlTemplate":"https:\/\/www.dessinateur.biz\/blog\/?s={search_term_string}"},"query-input":"required name=search_term_string"}],"inLanguage":"fr-FR"},{"@type":"WebPage","@id":"https:\/\/www.dessinateur.biz\/blog\/2020\/02\/19\/fessenheim-arret-officiel-apres-43-ans\/","url":"https:\/\/www.dessinateur.biz\/blog\/2020\/02\/19\/fessenheim-arret-officiel-apres-43-ans\/","name":"Fessenheim, arr\u00eat officiel apr\u00e8s 43 ans - na! dessinateur","isPartOf":{"@id":"https:\/\/www.dessinateur.biz\/blog\/#website"},"datePublished":"2020-02-19T09:18:33+00:00","dateModified":"2020-02-19T09:18:33+00:00","author":{"@id":"https:\/\/www.dessinateur.biz\/blog\/#\/schema\/person\/90fd246a07ba4b0ffa54158c72f0ab23"},"description":"na! dessinateur, communication par le dessin humoristique, dessin de presse, dessin en direct live pour vos s\u00e9minaires ou conventions, cr\u00e9ation graphique","breadcrumb":{"@id":"https:\/\/www.dessinateur.biz\/blog\/2020\/02\/19\/fessenheim-arret-officiel-apres-43-ans\/#breadcrumb"},"inLanguage":"fr-FR","potentialAction":[{"@type":"ReadAction","target":["https:\/\/www.dessinateur.biz\/blog\/2020\/02\/19\/fessenheim-arret-officiel-apres-43-ans\/"]}]},{"@type":"BreadcrumbList","@id":"https:\/\/www.dessinateur.biz\/blog\/2020\/02\/19\/fessenheim-arret-officiel-apres-43-ans\/#breadcrumb","itemListElement":[{"@type":"ListItem","position":1,"name":"Accueil","item":"https:\/\/www.dessinateur.biz\/blog\/"},{"@type":"ListItem","position":2,"name":"Fessenheim, arr\u00eat officiel apr\u00e8s 43 ans"}]},{"@type":"Person","@id":"https:\/\/www.dessinateur.biz\/blog\/#\/schema\/person\/90fd246a07ba4b0ffa54158c72f0ab23","name":"na!","image":{"@type":"ImageObject","inLanguage":"fr-FR","@id":"https:\/\/www.dessinateur.biz\/blog\/#\/schema\/person\/image\/","url":"https:\/\/secure.gravatar.com\/avatar\/b56295643f3232aa6d4fe18c4cff5d11?s=96&d=mm&r=g","contentUrl":"https:\/\/secure.gravatar.com\/avatar\/b56295643f3232aa6d4fe18c4cff5d11?s=96&d=mm&r=g","caption":"na!"},"url":"https:\/\/www.dessinateur.biz\/blog\/author\/admin\/"}]}},"_links":{"self":[{"href":"https:\/\/www.dessinateur.biz\/blog\/wp-json\/wp\/v2\/posts\/16316"}],"collection":[{"href":"https:\/\/www.dessinateur.biz\/blog\/wp-json\/wp\/v2\/posts"}],"about":[{"href":"https:\/\/www.dessinateur.biz\/blog\/wp-json\/wp\/v2\/types\/post"}],"author":[{"embeddable":true,"href":"https:\/\/www.dessinateur.biz\/blog\/wp-json\/wp\/v2\/users\/1"}],"replies":[{"embeddable":true,"href":"https:\/\/www.dessinateur.biz\/blog\/wp-json\/wp\/v2\/comments?post=16316"}],"version-history":[{"count":1,"href":"https:\/\/www.dessinateur.biz\/blog\/wp-json\/wp\/v2\/posts\/16316\/revisions"}],"predecessor-version":[{"id":16318,"href":"https:\/\/www.dessinateur.biz\/blog\/wp-json\/wp\/v2\/posts\/16316\/revisions\/16318"}],"wp:attachment":[{"href":"https:\/\/www.dessinateur.biz\/blog\/wp-json\/wp\/v2\/media?parent=16316"}],"wp:term":[{"taxonomy":"category","embeddable":true,"href":"https:\/\/www.dessinateur.biz\/blog\/wp-json\/wp\/v2\/categories?post=16316"},{"taxonomy":"post_tag","embeddable":true,"href":"https:\/\/www.dessinateur.biz\/blog\/wp-json\/wp\/v2\/tags?post=16316"}],"curies":[{"name":"wp","href":"https:\/\/api.w.org\/{rel}","templated":true}]}}