{"id":16279,"date":"2020-02-07T10:40:56","date_gmt":"2020-02-07T09:40:56","guid":{"rendered":"http:\/\/www.dessinateur.biz\/blog\/?p=16279"},"modified":"2020-02-07T10:44:13","modified_gmt":"2020-02-07T09:44:13","slug":"municipales-paris-rachida-dati-opposee-a-debat-a-12","status":"publish","type":"post","link":"https:\/\/www.dessinateur.biz\/blog\/2020\/02\/07\/municipales-paris-rachida-dati-opposee-a-debat-a-12\/","title":{"rendered":"Municipales Paris, Rachida Dati oppos\u00e9e \u00e0 un d\u00e9bat \u00e0 12"},"content":{"rendered":"<p><img loading=\"lazy\" class=\"alignnone size-full wp-image-16281\" alt=\"vendredessin_2642_municipales_dati\" src=\"https:\/\/www.dessinateur.biz\/blog\/wp-content\/uploads\/2020\/02\/vendredessin_2642_municipales_dati.jpg\" width=\"600\" height=\"449\" srcset=\"https:\/\/www.dessinateur.biz\/blog\/wp-content\/uploads\/2020\/02\/vendredessin_2642_municipales_dati.jpg 600w, https:\/\/www.dessinateur.biz\/blog\/wp-content\/uploads\/2020\/02\/vendredessin_2642_municipales_dati-300x224.jpg 300w\" sizes=\"(max-width: 600px) 100vw, 600px\" \/><\/p>\n<div>\n<div>\n<div>\n<div>\n<div>\n<div>\n<div>\n<div>\n<div>\n<div>\n<div>\n<div>\n<div>\n<h3>Contexte :<\/h3>\n<\/div>\n<div>\n<div>\n<div>\n<div>Dans la course aux municipales \u00e0 Paris, on apprend ce matin, vendredi 7 f\u00e9vrier 2020, que Rachida Dati s\u2019oppose \u00e0 la tenue d\u2019un d\u00e9bat entre les 12 candidats, redoutant une \u00abfoire d\u2019empoigne\u00bb et estimant que \u00abParis m\u00e9rite un d\u00e9bat sur le fond avec du temps\u00bb.<\/div>\n<\/div>\n<\/div>\n<\/div>\n<\/div>\n<\/div>\n<\/div>\n<\/div>\n<\/div>\n<\/div>\n<\/div>\n<\/div>\n<\/div>\n<\/div>\n<\/div>\n<\/div>\n<h3>O\u00f9 :<\/h3>\n<p>L\u2019oeil de na! Saison 8, d\u00e8s 12h sur la cha\u00eene BFMTV, mais aussi sur <a href=\"https:\/\/www.instagram.com\/na_dessinateur\/\" target=\"_blank\">Instagram<\/a>, <a href=\"https:\/\/www.facebook.com\/na-dessinateur-110880605617002\/timeline\/\" target=\"_blank\">facebook<\/a> et <a href=\"https:\/\/twitter.com\/na_dessinateur\" target=\"_blank\">twitter<\/a><\/p>\n","protected":false},"excerpt":{"rendered":"<p>Contexte : Dans la course aux municipales \u00e0 Paris, on apprend ce matin, vendredi 7 f\u00e9vrier 2020, que Rachida Dati s\u2019oppose \u00e0 la tenue d\u2019un d\u00e9bat entre les 12 candidats, redoutant une \u00abfoire d\u2019empoigne\u00bb et estimant que \u00abParis m\u00e9rite un d\u00e9bat sur le fond avec du temps\u00bb. O\u00f9 : L\u2019oeil de na! Saison 8, d\u00e8s [&hellip;]<\/p>\n","protected":false},"author":1,"featured_media":0,"comment_status":"open","ping_status":"open","sticky":false,"template":"","format":"standard","meta":[],"categories":[6],"tags":[1501,263,1952,14,255,5,5193,13,1577,3217,5669,3510,5671,2787,1886,6054,544,1244,4,1268,6085],"yoast_head":"<!-- This site is optimized with the Yoast SEO plugin v19.3 - https:\/\/yoast.com\/wordpress\/plugins\/seo\/ -->\n<title>Municipales Paris, Rachida Dati oppos\u00e9e \u00e0 un d\u00e9bat \u00e0 12 - na! dessinateur<\/title>\n<meta name=\"description\" content=\"na! dessinateur, communication par le dessin humoristique, dessin de presse, dessin en direct live pour vos s\u00e9minaires ou conventions, cr\u00e9ation graphique\" \/>\n<meta name=\"robots\" content=\"noindex, follow\" \/>\n<meta property=\"og:locale\" content=\"fr_FR\" \/>\n<meta property=\"og:type\" content=\"article\" \/>\n<meta property=\"og:title\" content=\"Municipales Paris, Rachida Dati oppos\u00e9e \u00e0 un d\u00e9bat \u00e0 12 - na! dessinateur\" \/>\n<meta property=\"og:description\" content=\"na! dessinateur, communication par le dessin humoristique, dessin de presse, dessin en direct live pour vos s\u00e9minaires ou conventions, cr\u00e9ation graphique\" \/>\n<meta property=\"og:url\" content=\"https:\/\/www.dessinateur.biz\/blog\/2020\/02\/07\/municipales-paris-rachida-dati-opposee-a-debat-a-12\/\" \/>\n<meta property=\"og:site_name\" content=\"na! dessinateur\" \/>\n<meta property=\"article:publisher\" content=\"https:\/\/www.facebook.com\/na-dessinateur-110880605617002\/\" \/>\n<meta property=\"article:published_time\" content=\"2020-02-07T09:40:56+00:00\" \/>\n<meta property=\"article:modified_time\" content=\"2020-02-07T09:44:13+00:00\" \/>\n<meta property=\"og:image\" content=\"http:\/\/www.dessinateur.biz\/blog\/wp-content\/uploads\/2020\/02\/vendredessin_2642_municipales_dati.jpg\" \/>\n<meta name=\"author\" content=\"na!\" \/>\n<meta name=\"twitter:card\" content=\"summary\" \/>\n<meta name=\"twitter:creator\" content=\"@na_dessinateur\" \/>\n<meta name=\"twitter:site\" content=\"@na_dessinateur\" \/>\n<meta name=\"twitter:label1\" content=\"\u00c9crit par\" \/>\n\t<meta name=\"twitter:data1\" content=\"na!\" \/>\n<script type=\"application\/ld+json\" class=\"yoast-schema-graph\">{\"@context\":\"https:\/\/schema.org\",\"@graph\":[{\"@type\":\"WebSite\",\"@id\":\"https:\/\/www.dessinateur.biz\/blog\/#website\",\"url\":\"https:\/\/www.dessinateur.biz\/blog\/\",\"name\":\"na! dessinateur\",\"description\":\"Dessinateur de presse, dessinateur humoristique, dessinateur en direct, communication par le dessin d&#039;humour\",\"potentialAction\":[{\"@type\":\"SearchAction\",\"target\":{\"@type\":\"EntryPoint\",\"urlTemplate\":\"https:\/\/www.dessinateur.biz\/blog\/?s={search_term_string}\"},\"query-input\":\"required name=search_term_string\"}],\"inLanguage\":\"fr-FR\"},{\"@type\":\"ImageObject\",\"inLanguage\":\"fr-FR\",\"@id\":\"https:\/\/www.dessinateur.biz\/blog\/2020\/02\/07\/municipales-paris-rachida-dati-opposee-a-debat-a-12\/#primaryimage\",\"url\":\"http:\/\/www.dessinateur.biz\/blog\/wp-content\/uploads\/2020\/02\/vendredessin_2642_municipales_dati.jpg\",\"contentUrl\":\"http:\/\/www.dessinateur.biz\/blog\/wp-content\/uploads\/2020\/02\/vendredessin_2642_municipales_dati.jpg\"},{\"@type\":\"WebPage\",\"@id\":\"https:\/\/www.dessinateur.biz\/blog\/2020\/02\/07\/municipales-paris-rachida-dati-opposee-a-debat-a-12\/\",\"url\":\"https:\/\/www.dessinateur.biz\/blog\/2020\/02\/07\/municipales-paris-rachida-dati-opposee-a-debat-a-12\/\",\"name\":\"Municipales Paris, Rachida Dati oppos\u00e9e \u00e0 un d\u00e9bat \u00e0 12 - na! dessinateur\",\"isPartOf\":{\"@id\":\"https:\/\/www.dessinateur.biz\/blog\/#website\"},\"primaryImageOfPage\":{\"@id\":\"https:\/\/www.dessinateur.biz\/blog\/2020\/02\/07\/municipales-paris-rachida-dati-opposee-a-debat-a-12\/#primaryimage\"},\"datePublished\":\"2020-02-07T09:40:56+00:00\",\"dateModified\":\"2020-02-07T09:44:13+00:00\",\"author\":{\"@id\":\"https:\/\/www.dessinateur.biz\/blog\/#\/schema\/person\/90fd246a07ba4b0ffa54158c72f0ab23\"},\"description\":\"na! dessinateur, communication par le dessin humoristique, dessin de presse, dessin en direct live pour vos s\u00e9minaires ou conventions, cr\u00e9ation graphique\",\"breadcrumb\":{\"@id\":\"https:\/\/www.dessinateur.biz\/blog\/2020\/02\/07\/municipales-paris-rachida-dati-opposee-a-debat-a-12\/#breadcrumb\"},\"inLanguage\":\"fr-FR\",\"potentialAction\":[{\"@type\":\"ReadAction\",\"target\":[\"https:\/\/www.dessinateur.biz\/blog\/2020\/02\/07\/municipales-paris-rachida-dati-opposee-a-debat-a-12\/\"]}]},{\"@type\":\"BreadcrumbList\",\"@id\":\"https:\/\/www.dessinateur.biz\/blog\/2020\/02\/07\/municipales-paris-rachida-dati-opposee-a-debat-a-12\/#breadcrumb\",\"itemListElement\":[{\"@type\":\"ListItem\",\"position\":1,\"name\":\"Accueil\",\"item\":\"https:\/\/www.dessinateur.biz\/blog\/\"},{\"@type\":\"ListItem\",\"position\":2,\"name\":\"Municipales Paris, Rachida Dati oppos\u00e9e \u00e0 un d\u00e9bat \u00e0 12\"}]},{\"@type\":\"Person\",\"@id\":\"https:\/\/www.dessinateur.biz\/blog\/#\/schema\/person\/90fd246a07ba4b0ffa54158c72f0ab23\",\"name\":\"na!\",\"image\":{\"@type\":\"ImageObject\",\"inLanguage\":\"fr-FR\",\"@id\":\"https:\/\/www.dessinateur.biz\/blog\/#\/schema\/person\/image\/\",\"url\":\"https:\/\/secure.gravatar.com\/avatar\/b56295643f3232aa6d4fe18c4cff5d11?s=96&d=mm&r=g\",\"contentUrl\":\"https:\/\/secure.gravatar.com\/avatar\/b56295643f3232aa6d4fe18c4cff5d11?s=96&d=mm&r=g\",\"caption\":\"na!\"},\"url\":\"https:\/\/www.dessinateur.biz\/blog\/author\/admin\/\"}]}<\/script>\n<!-- \/ Yoast SEO plugin. -->","yoast_head_json":{"title":"Municipales Paris, Rachida Dati oppos\u00e9e \u00e0 un d\u00e9bat \u00e0 12 - na! dessinateur","description":"na! dessinateur, communication par le dessin humoristique, dessin de presse, dessin en direct live pour vos s\u00e9minaires ou conventions, cr\u00e9ation graphique","robots":{"index":"noindex","follow":"follow"},"og_locale":"fr_FR","og_type":"article","og_title":"Municipales Paris, Rachida Dati oppos\u00e9e \u00e0 un d\u00e9bat \u00e0 12 - na! dessinateur","og_description":"na! dessinateur, communication par le dessin humoristique, dessin de presse, dessin en direct live pour vos s\u00e9minaires ou conventions, cr\u00e9ation graphique","og_url":"https:\/\/www.dessinateur.biz\/blog\/2020\/02\/07\/municipales-paris-rachida-dati-opposee-a-debat-a-12\/","og_site_name":"na! dessinateur","article_publisher":"https:\/\/www.facebook.com\/na-dessinateur-110880605617002\/","article_published_time":"2020-02-07T09:40:56+00:00","article_modified_time":"2020-02-07T09:44:13+00:00","og_image":[{"url":"http:\/\/www.dessinateur.biz\/blog\/wp-content\/uploads\/2020\/02\/vendredessin_2642_municipales_dati.jpg"}],"author":"na!","twitter_card":"summary","twitter_creator":"@na_dessinateur","twitter_site":"@na_dessinateur","twitter_misc":{"\u00c9crit par":"na!"},"schema":{"@context":"https:\/\/schema.org","@graph":[{"@type":"WebSite","@id":"https:\/\/www.dessinateur.biz\/blog\/#website","url":"https:\/\/www.dessinateur.biz\/blog\/","name":"na! dessinateur","description":"Dessinateur de presse, dessinateur humoristique, dessinateur en direct, communication par le dessin d&#039;humour","potentialAction":[{"@type":"SearchAction","target":{"@type":"EntryPoint","urlTemplate":"https:\/\/www.dessinateur.biz\/blog\/?s={search_term_string}"},"query-input":"required name=search_term_string"}],"inLanguage":"fr-FR"},{"@type":"ImageObject","inLanguage":"fr-FR","@id":"https:\/\/www.dessinateur.biz\/blog\/2020\/02\/07\/municipales-paris-rachida-dati-opposee-a-debat-a-12\/#primaryimage","url":"http:\/\/www.dessinateur.biz\/blog\/wp-content\/uploads\/2020\/02\/vendredessin_2642_municipales_dati.jpg","contentUrl":"http:\/\/www.dessinateur.biz\/blog\/wp-content\/uploads\/2020\/02\/vendredessin_2642_municipales_dati.jpg"},{"@type":"WebPage","@id":"https:\/\/www.dessinateur.biz\/blog\/2020\/02\/07\/municipales-paris-rachida-dati-opposee-a-debat-a-12\/","url":"https:\/\/www.dessinateur.biz\/blog\/2020\/02\/07\/municipales-paris-rachida-dati-opposee-a-debat-a-12\/","name":"Municipales Paris, Rachida Dati oppos\u00e9e \u00e0 un d\u00e9bat \u00e0 12 - na! dessinateur","isPartOf":{"@id":"https:\/\/www.dessinateur.biz\/blog\/#website"},"primaryImageOfPage":{"@id":"https:\/\/www.dessinateur.biz\/blog\/2020\/02\/07\/municipales-paris-rachida-dati-opposee-a-debat-a-12\/#primaryimage"},"datePublished":"2020-02-07T09:40:56+00:00","dateModified":"2020-02-07T09:44:13+00:00","author":{"@id":"https:\/\/www.dessinateur.biz\/blog\/#\/schema\/person\/90fd246a07ba4b0ffa54158c72f0ab23"},"description":"na! dessinateur, communication par le dessin humoristique, dessin de presse, dessin en direct live pour vos s\u00e9minaires ou conventions, cr\u00e9ation graphique","breadcrumb":{"@id":"https:\/\/www.dessinateur.biz\/blog\/2020\/02\/07\/municipales-paris-rachida-dati-opposee-a-debat-a-12\/#breadcrumb"},"inLanguage":"fr-FR","potentialAction":[{"@type":"ReadAction","target":["https:\/\/www.dessinateur.biz\/blog\/2020\/02\/07\/municipales-paris-rachida-dati-opposee-a-debat-a-12\/"]}]},{"@type":"BreadcrumbList","@id":"https:\/\/www.dessinateur.biz\/blog\/2020\/02\/07\/municipales-paris-rachida-dati-opposee-a-debat-a-12\/#breadcrumb","itemListElement":[{"@type":"ListItem","position":1,"name":"Accueil","item":"https:\/\/www.dessinateur.biz\/blog\/"},{"@type":"ListItem","position":2,"name":"Municipales Paris, Rachida Dati oppos\u00e9e \u00e0 un d\u00e9bat \u00e0 12"}]},{"@type":"Person","@id":"https:\/\/www.dessinateur.biz\/blog\/#\/schema\/person\/90fd246a07ba4b0ffa54158c72f0ab23","name":"na!","image":{"@type":"ImageObject","inLanguage":"fr-FR","@id":"https:\/\/www.dessinateur.biz\/blog\/#\/schema\/person\/image\/","url":"https:\/\/secure.gravatar.com\/avatar\/b56295643f3232aa6d4fe18c4cff5d11?s=96&d=mm&r=g","contentUrl":"https:\/\/secure.gravatar.com\/avatar\/b56295643f3232aa6d4fe18c4cff5d11?s=96&d=mm&r=g","caption":"na!"},"url":"https:\/\/www.dessinateur.biz\/blog\/author\/admin\/"}]}},"_links":{"self":[{"href":"https:\/\/www.dessinateur.biz\/blog\/wp-json\/wp\/v2\/posts\/16279"}],"collection":[{"href":"https:\/\/www.dessinateur.biz\/blog\/wp-json\/wp\/v2\/posts"}],"about":[{"href":"https:\/\/www.dessinateur.biz\/blog\/wp-json\/wp\/v2\/types\/post"}],"author":[{"embeddable":true,"href":"https:\/\/www.dessinateur.biz\/blog\/wp-json\/wp\/v2\/users\/1"}],"replies":[{"embeddable":true,"href":"https:\/\/www.dessinateur.biz\/blog\/wp-json\/wp\/v2\/comments?post=16279"}],"version-history":[{"count":3,"href":"https:\/\/www.dessinateur.biz\/blog\/wp-json\/wp\/v2\/posts\/16279\/revisions"}],"predecessor-version":[{"id":16283,"href":"https:\/\/www.dessinateur.biz\/blog\/wp-json\/wp\/v2\/posts\/16279\/revisions\/16283"}],"wp:attachment":[{"href":"https:\/\/www.dessinateur.biz\/blog\/wp-json\/wp\/v2\/media?parent=16279"}],"wp:term":[{"taxonomy":"category","embeddable":true,"href":"https:\/\/www.dessinateur.biz\/blog\/wp-json\/wp\/v2\/categories?post=16279"},{"taxonomy":"post_tag","embeddable":true,"href":"https:\/\/www.dessinateur.biz\/blog\/wp-json\/wp\/v2\/tags?post=16279"}],"curies":[{"name":"wp","href":"https:\/\/api.w.org\/{rel}","templated":true}]}}