{"id":15768,"date":"2019-08-27T10:33:58","date_gmt":"2019-08-27T09:33:58","guid":{"rendered":"http:\/\/www.dessinateur.biz\/blog\/?p=15768"},"modified":"2019-08-27T11:47:13","modified_gmt":"2019-08-27T10:47:13","slug":"incendie-amazonie-bresil-refuse-laide-internationale","status":"publish","type":"post","link":"https:\/\/www.dessinateur.biz\/blog\/2019\/08\/27\/incendie-amazonie-bresil-refuse-laide-internationale\/","title":{"rendered":"Incendie Amazonie, le Br\u00e9sil refuse l&rsquo;aide internationale"},"content":{"rendered":"<p><img loading=\"lazy\" class=\"alignnone size-full wp-image-15770\" alt=\"lundessin_2536_amazonie_le_br\u00e9sil_refuse_l'aide\" src=\"https:\/\/www.dessinateur.biz\/blog\/wp-content\/uploads\/2019\/08\/lundessin_2536_amazonie_le_br\u00e9sil_refuse_laide.jpg\" width=\"600\" height=\"450\" srcset=\"https:\/\/www.dessinateur.biz\/blog\/wp-content\/uploads\/2019\/08\/lundessin_2536_amazonie_le_br\u00e9sil_refuse_laide.jpg 600w, https:\/\/www.dessinateur.biz\/blog\/wp-content\/uploads\/2019\/08\/lundessin_2536_amazonie_le_br\u00e9sil_refuse_laide-300x225.jpg 300w\" sizes=\"(max-width: 600px) 100vw, 600px\" \/><\/p>\n<h3>CONTEXTE :<\/h3>\n<div>\n<div>\n<div>\n<div>\n<div>\n<div>\n<div>\n<div>\n<div>\n<div>\n<div>\n<div>\n<div>\n<div>Alors que la for\u00eat amazonienne, le poumon de la terre, est la proie de flammes incontr\u00f4lables, le pr\u00e9sident Br\u00e9silien Bolsonaro refuse l\u2019aide de 20 millions de dollars propos\u00e9e par le G7.<\/div>\n<\/div>\n<\/div>\n<\/div>\n<\/div>\n<\/div>\n<\/div>\n<\/div>\n<\/div>\n<\/div>\n<\/div>\n<\/div>\n<\/div>\n<\/div>\n<h3>O\u00d9 :<\/h3>\n<p>Tous les midis sur BFMTV, entre 12h et 12h20, 13h et 13h20, 14h et 14h20<\/p>\n","protected":false},"excerpt":{"rendered":"<p>CONTEXTE : Alors que la for\u00eat amazonienne, le poumon de la terre, est la proie de flammes incontr\u00f4lables, le pr\u00e9sident Br\u00e9silien Bolsonaro refuse l\u2019aide de 20 millions de dollars propos\u00e9e par le G7. O\u00d9 : Tous les midis sur BFMTV, entre 12h et 12h20, 13h et 13h20, 14h et 14h20<\/p>\n","protected":false},"author":1,"featured_media":0,"comment_status":"open","ping_status":"open","sticky":false,"template":"","format":"standard","meta":[],"categories":[6],"tags":[5657,1501,5662,146,413,5,5193,13,1577,7,415,5158,1944,5661,5157,544,5665,5664,5663],"yoast_head":"<!-- This site is optimized with the Yoast SEO plugin v19.3 - https:\/\/yoast.com\/wordpress\/plugins\/seo\/ -->\n<title>Incendie Amazonie, le Br\u00e9sil refuse l&#039;aide internationale - na! dessinateur<\/title>\n<meta name=\"description\" content=\"na! dessinateur, communication par le dessin humoristique, dessin de presse, dessin en direct live pour vos s\u00e9minaires ou conventions, cr\u00e9ation graphique\" \/>\n<meta name=\"robots\" content=\"noindex, follow\" \/>\n<meta property=\"og:locale\" content=\"fr_FR\" \/>\n<meta property=\"og:type\" content=\"article\" \/>\n<meta property=\"og:title\" content=\"Incendie Amazonie, le Br\u00e9sil refuse l&#039;aide internationale - na! dessinateur\" \/>\n<meta property=\"og:description\" content=\"na! dessinateur, communication par le dessin humoristique, dessin de presse, dessin en direct live pour vos s\u00e9minaires ou conventions, cr\u00e9ation graphique\" \/>\n<meta property=\"og:url\" content=\"https:\/\/www.dessinateur.biz\/blog\/2019\/08\/27\/incendie-amazonie-bresil-refuse-laide-internationale\/\" \/>\n<meta property=\"og:site_name\" content=\"na! dessinateur\" \/>\n<meta property=\"article:publisher\" content=\"https:\/\/www.facebook.com\/na-dessinateur-110880605617002\/\" \/>\n<meta property=\"article:published_time\" content=\"2019-08-27T09:33:58+00:00\" \/>\n<meta property=\"article:modified_time\" content=\"2019-08-27T10:47:13+00:00\" \/>\n<meta name=\"author\" content=\"na!\" \/>\n<meta name=\"twitter:card\" content=\"summary\" \/>\n<meta name=\"twitter:creator\" content=\"@na_dessinateur\" \/>\n<meta name=\"twitter:site\" content=\"@na_dessinateur\" \/>\n<meta name=\"twitter:label1\" content=\"\u00c9crit par\" \/>\n\t<meta name=\"twitter:data1\" content=\"na!\" \/>\n<script type=\"application\/ld+json\" class=\"yoast-schema-graph\">{\"@context\":\"https:\/\/schema.org\",\"@graph\":[{\"@type\":\"WebSite\",\"@id\":\"https:\/\/www.dessinateur.biz\/blog\/#website\",\"url\":\"https:\/\/www.dessinateur.biz\/blog\/\",\"name\":\"na! dessinateur\",\"description\":\"Dessinateur de presse, dessinateur humoristique, dessinateur en direct, communication par le dessin d&#039;humour\",\"potentialAction\":[{\"@type\":\"SearchAction\",\"target\":{\"@type\":\"EntryPoint\",\"urlTemplate\":\"https:\/\/www.dessinateur.biz\/blog\/?s={search_term_string}\"},\"query-input\":\"required name=search_term_string\"}],\"inLanguage\":\"fr-FR\"},{\"@type\":\"WebPage\",\"@id\":\"https:\/\/www.dessinateur.biz\/blog\/2019\/08\/27\/incendie-amazonie-bresil-refuse-laide-internationale\/\",\"url\":\"https:\/\/www.dessinateur.biz\/blog\/2019\/08\/27\/incendie-amazonie-bresil-refuse-laide-internationale\/\",\"name\":\"Incendie Amazonie, le Br\u00e9sil refuse l'aide internationale - na! dessinateur\",\"isPartOf\":{\"@id\":\"https:\/\/www.dessinateur.biz\/blog\/#website\"},\"datePublished\":\"2019-08-27T09:33:58+00:00\",\"dateModified\":\"2019-08-27T10:47:13+00:00\",\"author\":{\"@id\":\"https:\/\/www.dessinateur.biz\/blog\/#\/schema\/person\/90fd246a07ba4b0ffa54158c72f0ab23\"},\"description\":\"na! dessinateur, communication par le dessin humoristique, dessin de presse, dessin en direct live pour vos s\u00e9minaires ou conventions, cr\u00e9ation graphique\",\"breadcrumb\":{\"@id\":\"https:\/\/www.dessinateur.biz\/blog\/2019\/08\/27\/incendie-amazonie-bresil-refuse-laide-internationale\/#breadcrumb\"},\"inLanguage\":\"fr-FR\",\"potentialAction\":[{\"@type\":\"ReadAction\",\"target\":[\"https:\/\/www.dessinateur.biz\/blog\/2019\/08\/27\/incendie-amazonie-bresil-refuse-laide-internationale\/\"]}]},{\"@type\":\"BreadcrumbList\",\"@id\":\"https:\/\/www.dessinateur.biz\/blog\/2019\/08\/27\/incendie-amazonie-bresil-refuse-laide-internationale\/#breadcrumb\",\"itemListElement\":[{\"@type\":\"ListItem\",\"position\":1,\"name\":\"Accueil\",\"item\":\"https:\/\/www.dessinateur.biz\/blog\/\"},{\"@type\":\"ListItem\",\"position\":2,\"name\":\"Incendie Amazonie, le Br\u00e9sil refuse l&rsquo;aide internationale\"}]},{\"@type\":\"Person\",\"@id\":\"https:\/\/www.dessinateur.biz\/blog\/#\/schema\/person\/90fd246a07ba4b0ffa54158c72f0ab23\",\"name\":\"na!\",\"image\":{\"@type\":\"ImageObject\",\"inLanguage\":\"fr-FR\",\"@id\":\"https:\/\/www.dessinateur.biz\/blog\/#\/schema\/person\/image\/\",\"url\":\"https:\/\/secure.gravatar.com\/avatar\/b56295643f3232aa6d4fe18c4cff5d11?s=96&d=mm&r=g\",\"contentUrl\":\"https:\/\/secure.gravatar.com\/avatar\/b56295643f3232aa6d4fe18c4cff5d11?s=96&d=mm&r=g\",\"caption\":\"na!\"},\"url\":\"https:\/\/www.dessinateur.biz\/blog\/author\/admin\/\"}]}<\/script>\n<!-- \/ Yoast SEO plugin. -->","yoast_head_json":{"title":"Incendie Amazonie, le Br\u00e9sil refuse l'aide internationale - na! dessinateur","description":"na! dessinateur, communication par le dessin humoristique, dessin de presse, dessin en direct live pour vos s\u00e9minaires ou conventions, cr\u00e9ation graphique","robots":{"index":"noindex","follow":"follow"},"og_locale":"fr_FR","og_type":"article","og_title":"Incendie Amazonie, le Br\u00e9sil refuse l'aide internationale - na! dessinateur","og_description":"na! dessinateur, communication par le dessin humoristique, dessin de presse, dessin en direct live pour vos s\u00e9minaires ou conventions, cr\u00e9ation graphique","og_url":"https:\/\/www.dessinateur.biz\/blog\/2019\/08\/27\/incendie-amazonie-bresil-refuse-laide-internationale\/","og_site_name":"na! dessinateur","article_publisher":"https:\/\/www.facebook.com\/na-dessinateur-110880605617002\/","article_published_time":"2019-08-27T09:33:58+00:00","article_modified_time":"2019-08-27T10:47:13+00:00","author":"na!","twitter_card":"summary","twitter_creator":"@na_dessinateur","twitter_site":"@na_dessinateur","twitter_misc":{"\u00c9crit par":"na!"},"schema":{"@context":"https:\/\/schema.org","@graph":[{"@type":"WebSite","@id":"https:\/\/www.dessinateur.biz\/blog\/#website","url":"https:\/\/www.dessinateur.biz\/blog\/","name":"na! dessinateur","description":"Dessinateur de presse, dessinateur humoristique, dessinateur en direct, communication par le dessin d&#039;humour","potentialAction":[{"@type":"SearchAction","target":{"@type":"EntryPoint","urlTemplate":"https:\/\/www.dessinateur.biz\/blog\/?s={search_term_string}"},"query-input":"required name=search_term_string"}],"inLanguage":"fr-FR"},{"@type":"WebPage","@id":"https:\/\/www.dessinateur.biz\/blog\/2019\/08\/27\/incendie-amazonie-bresil-refuse-laide-internationale\/","url":"https:\/\/www.dessinateur.biz\/blog\/2019\/08\/27\/incendie-amazonie-bresil-refuse-laide-internationale\/","name":"Incendie Amazonie, le Br\u00e9sil refuse l'aide internationale - na! dessinateur","isPartOf":{"@id":"https:\/\/www.dessinateur.biz\/blog\/#website"},"datePublished":"2019-08-27T09:33:58+00:00","dateModified":"2019-08-27T10:47:13+00:00","author":{"@id":"https:\/\/www.dessinateur.biz\/blog\/#\/schema\/person\/90fd246a07ba4b0ffa54158c72f0ab23"},"description":"na! dessinateur, communication par le dessin humoristique, dessin de presse, dessin en direct live pour vos s\u00e9minaires ou conventions, cr\u00e9ation graphique","breadcrumb":{"@id":"https:\/\/www.dessinateur.biz\/blog\/2019\/08\/27\/incendie-amazonie-bresil-refuse-laide-internationale\/#breadcrumb"},"inLanguage":"fr-FR","potentialAction":[{"@type":"ReadAction","target":["https:\/\/www.dessinateur.biz\/blog\/2019\/08\/27\/incendie-amazonie-bresil-refuse-laide-internationale\/"]}]},{"@type":"BreadcrumbList","@id":"https:\/\/www.dessinateur.biz\/blog\/2019\/08\/27\/incendie-amazonie-bresil-refuse-laide-internationale\/#breadcrumb","itemListElement":[{"@type":"ListItem","position":1,"name":"Accueil","item":"https:\/\/www.dessinateur.biz\/blog\/"},{"@type":"ListItem","position":2,"name":"Incendie Amazonie, le Br\u00e9sil refuse l&rsquo;aide internationale"}]},{"@type":"Person","@id":"https:\/\/www.dessinateur.biz\/blog\/#\/schema\/person\/90fd246a07ba4b0ffa54158c72f0ab23","name":"na!","image":{"@type":"ImageObject","inLanguage":"fr-FR","@id":"https:\/\/www.dessinateur.biz\/blog\/#\/schema\/person\/image\/","url":"https:\/\/secure.gravatar.com\/avatar\/b56295643f3232aa6d4fe18c4cff5d11?s=96&d=mm&r=g","contentUrl":"https:\/\/secure.gravatar.com\/avatar\/b56295643f3232aa6d4fe18c4cff5d11?s=96&d=mm&r=g","caption":"na!"},"url":"https:\/\/www.dessinateur.biz\/blog\/author\/admin\/"}]}},"_links":{"self":[{"href":"https:\/\/www.dessinateur.biz\/blog\/wp-json\/wp\/v2\/posts\/15768"}],"collection":[{"href":"https:\/\/www.dessinateur.biz\/blog\/wp-json\/wp\/v2\/posts"}],"about":[{"href":"https:\/\/www.dessinateur.biz\/blog\/wp-json\/wp\/v2\/types\/post"}],"author":[{"embeddable":true,"href":"https:\/\/www.dessinateur.biz\/blog\/wp-json\/wp\/v2\/users\/1"}],"replies":[{"embeddable":true,"href":"https:\/\/www.dessinateur.biz\/blog\/wp-json\/wp\/v2\/comments?post=15768"}],"version-history":[{"count":4,"href":"https:\/\/www.dessinateur.biz\/blog\/wp-json\/wp\/v2\/posts\/15768\/revisions"}],"predecessor-version":[{"id":15773,"href":"https:\/\/www.dessinateur.biz\/blog\/wp-json\/wp\/v2\/posts\/15768\/revisions\/15773"}],"wp:attachment":[{"href":"https:\/\/www.dessinateur.biz\/blog\/wp-json\/wp\/v2\/media?parent=15768"}],"wp:term":[{"taxonomy":"category","embeddable":true,"href":"https:\/\/www.dessinateur.biz\/blog\/wp-json\/wp\/v2\/categories?post=15768"},{"taxonomy":"post_tag","embeddable":true,"href":"https:\/\/www.dessinateur.biz\/blog\/wp-json\/wp\/v2\/tags?post=15768"}],"curies":[{"name":"wp","href":"https:\/\/api.w.org\/{rel}","templated":true}]}}