{"id":15364,"date":"2019-02-07T18:50:06","date_gmt":"2019-02-07T17:50:06","guid":{"rendered":"http:\/\/www.dessinateur.biz\/blog\/?p=15364"},"modified":"2019-02-07T18:50:06","modified_gmt":"2019-02-07T17:50:06","slug":"grand-debat-macron-a-autun","status":"publish","type":"post","link":"https:\/\/www.dessinateur.biz\/blog\/2019\/02\/07\/grand-debat-macron-a-autun\/","title":{"rendered":"Grand d\u00e9bat, Macron \u00e0 Autun"},"content":{"rendered":"<p><img loading=\"lazy\" class=\"alignnone size-full wp-image-15366\" alt=\"6015C085-6F31-4FFB-9B0E-1C620A0390BE\" src=\"https:\/\/www.dessinateur.biz\/blog\/wp-content\/uploads\/2019\/02\/6015C085-6F31-4FFB-9B0E-1C620A0390BE-e1549561404414.jpeg\" width=\"600\" height=\"450\" \/><\/p>\n<h3>contexte :<\/h3>\n<div>Emmanuel Macron est \u00e0 Autun en Sa\u00f4ne et Loire aujourd\u2019hui en pr\u00e9ambule \u00e0 un nouvel opus du grand d\u00e9bat, alors que les sondages lui pr\u00eatent une attitude hautaine et arrogante.<\/div>\n<h3>o\u00f9 :<\/h3>\n<p>Retrouvez na! tous les jours sur BFMTV 12h20, 13h20, 14h20<\/p>\n","protected":false},"excerpt":{"rendered":"<p>contexte : Emmanuel Macron est \u00e0 Autun en Sa\u00f4ne et Loire aujourd\u2019hui en pr\u00e9ambule \u00e0 un nouvel opus du grand d\u00e9bat, alors que les sondages lui pr\u00eatent une attitude hautaine et arrogante. o\u00f9 : Retrouvez na! tous les jours sur BFMTV 12h20, 13h20, 14h20<\/p>\n","protected":false},"author":1,"featured_media":0,"comment_status":"open","ping_status":"open","sticky":false,"template":"","format":"standard","meta":[],"categories":[6],"tags":[1501,146,14,67,11,5,5193,13,1577,3217,5282,544,4],"yoast_head":"<!-- This site is optimized with the Yoast SEO plugin v19.3 - https:\/\/yoast.com\/wordpress\/plugins\/seo\/ -->\n<title>Grand d\u00e9bat, Macron \u00e0 Autun - na! dessinateur<\/title>\n<meta name=\"description\" content=\"na! dessinateur, communication par le dessin humoristique, dessin de presse, dessin en direct live pour vos s\u00e9minaires ou conventions, cr\u00e9ation graphique\" \/>\n<meta name=\"robots\" content=\"noindex, follow\" \/>\n<meta property=\"og:locale\" content=\"fr_FR\" \/>\n<meta property=\"og:type\" content=\"article\" \/>\n<meta property=\"og:title\" content=\"Grand d\u00e9bat, Macron \u00e0 Autun - na! dessinateur\" \/>\n<meta property=\"og:description\" content=\"na! dessinateur, communication par le dessin humoristique, dessin de presse, dessin en direct live pour vos s\u00e9minaires ou conventions, cr\u00e9ation graphique\" \/>\n<meta property=\"og:url\" content=\"https:\/\/www.dessinateur.biz\/blog\/2019\/02\/07\/grand-debat-macron-a-autun\/\" \/>\n<meta property=\"og:site_name\" content=\"na! dessinateur\" \/>\n<meta property=\"article:publisher\" content=\"https:\/\/www.facebook.com\/na-dessinateur-110880605617002\/\" \/>\n<meta property=\"article:published_time\" content=\"2019-02-07T17:50:06+00:00\" \/>\n<meta property=\"og:image\" content=\"http:\/\/www.dessinateur.biz\/blog\/wp-content\/uploads\/2019\/02\/6015C085-6F31-4FFB-9B0E-1C620A0390BE-e1549561404414.jpeg\" \/>\n<meta name=\"author\" content=\"na!\" \/>\n<meta name=\"twitter:card\" content=\"summary\" \/>\n<meta name=\"twitter:creator\" content=\"@na_dessinateur\" \/>\n<meta name=\"twitter:site\" content=\"@na_dessinateur\" \/>\n<meta name=\"twitter:label1\" content=\"\u00c9crit par\" \/>\n\t<meta name=\"twitter:data1\" content=\"na!\" \/>\n<script type=\"application\/ld+json\" class=\"yoast-schema-graph\">{\"@context\":\"https:\/\/schema.org\",\"@graph\":[{\"@type\":\"WebSite\",\"@id\":\"https:\/\/www.dessinateur.biz\/blog\/#website\",\"url\":\"https:\/\/www.dessinateur.biz\/blog\/\",\"name\":\"na! dessinateur\",\"description\":\"Dessinateur de presse, dessinateur humoristique, dessinateur en direct, communication par le dessin d&#039;humour\",\"potentialAction\":[{\"@type\":\"SearchAction\",\"target\":{\"@type\":\"EntryPoint\",\"urlTemplate\":\"https:\/\/www.dessinateur.biz\/blog\/?s={search_term_string}\"},\"query-input\":\"required name=search_term_string\"}],\"inLanguage\":\"fr-FR\"},{\"@type\":\"ImageObject\",\"inLanguage\":\"fr-FR\",\"@id\":\"https:\/\/www.dessinateur.biz\/blog\/2019\/02\/07\/grand-debat-macron-a-autun\/#primaryimage\",\"url\":\"http:\/\/www.dessinateur.biz\/blog\/wp-content\/uploads\/2019\/02\/6015C085-6F31-4FFB-9B0E-1C620A0390BE-e1549561404414.jpeg\",\"contentUrl\":\"http:\/\/www.dessinateur.biz\/blog\/wp-content\/uploads\/2019\/02\/6015C085-6F31-4FFB-9B0E-1C620A0390BE-e1549561404414.jpeg\"},{\"@type\":\"WebPage\",\"@id\":\"https:\/\/www.dessinateur.biz\/blog\/2019\/02\/07\/grand-debat-macron-a-autun\/\",\"url\":\"https:\/\/www.dessinateur.biz\/blog\/2019\/02\/07\/grand-debat-macron-a-autun\/\",\"name\":\"Grand d\u00e9bat, Macron \u00e0 Autun - na! dessinateur\",\"isPartOf\":{\"@id\":\"https:\/\/www.dessinateur.biz\/blog\/#website\"},\"primaryImageOfPage\":{\"@id\":\"https:\/\/www.dessinateur.biz\/blog\/2019\/02\/07\/grand-debat-macron-a-autun\/#primaryimage\"},\"datePublished\":\"2019-02-07T17:50:06+00:00\",\"dateModified\":\"2019-02-07T17:50:06+00:00\",\"author\":{\"@id\":\"https:\/\/www.dessinateur.biz\/blog\/#\/schema\/person\/90fd246a07ba4b0ffa54158c72f0ab23\"},\"description\":\"na! dessinateur, communication par le dessin humoristique, dessin de presse, dessin en direct live pour vos s\u00e9minaires ou conventions, cr\u00e9ation graphique\",\"breadcrumb\":{\"@id\":\"https:\/\/www.dessinateur.biz\/blog\/2019\/02\/07\/grand-debat-macron-a-autun\/#breadcrumb\"},\"inLanguage\":\"fr-FR\",\"potentialAction\":[{\"@type\":\"ReadAction\",\"target\":[\"https:\/\/www.dessinateur.biz\/blog\/2019\/02\/07\/grand-debat-macron-a-autun\/\"]}]},{\"@type\":\"BreadcrumbList\",\"@id\":\"https:\/\/www.dessinateur.biz\/blog\/2019\/02\/07\/grand-debat-macron-a-autun\/#breadcrumb\",\"itemListElement\":[{\"@type\":\"ListItem\",\"position\":1,\"name\":\"Accueil\",\"item\":\"https:\/\/www.dessinateur.biz\/blog\/\"},{\"@type\":\"ListItem\",\"position\":2,\"name\":\"Grand d\u00e9bat, Macron \u00e0 Autun\"}]},{\"@type\":\"Person\",\"@id\":\"https:\/\/www.dessinateur.biz\/blog\/#\/schema\/person\/90fd246a07ba4b0ffa54158c72f0ab23\",\"name\":\"na!\",\"image\":{\"@type\":\"ImageObject\",\"inLanguage\":\"fr-FR\",\"@id\":\"https:\/\/www.dessinateur.biz\/blog\/#\/schema\/person\/image\/\",\"url\":\"https:\/\/secure.gravatar.com\/avatar\/b56295643f3232aa6d4fe18c4cff5d11?s=96&d=mm&r=g\",\"contentUrl\":\"https:\/\/secure.gravatar.com\/avatar\/b56295643f3232aa6d4fe18c4cff5d11?s=96&d=mm&r=g\",\"caption\":\"na!\"},\"url\":\"https:\/\/www.dessinateur.biz\/blog\/author\/admin\/\"}]}<\/script>\n<!-- \/ Yoast SEO plugin. -->","yoast_head_json":{"title":"Grand d\u00e9bat, Macron \u00e0 Autun - na! dessinateur","description":"na! dessinateur, communication par le dessin humoristique, dessin de presse, dessin en direct live pour vos s\u00e9minaires ou conventions, cr\u00e9ation graphique","robots":{"index":"noindex","follow":"follow"},"og_locale":"fr_FR","og_type":"article","og_title":"Grand d\u00e9bat, Macron \u00e0 Autun - na! dessinateur","og_description":"na! dessinateur, communication par le dessin humoristique, dessin de presse, dessin en direct live pour vos s\u00e9minaires ou conventions, cr\u00e9ation graphique","og_url":"https:\/\/www.dessinateur.biz\/blog\/2019\/02\/07\/grand-debat-macron-a-autun\/","og_site_name":"na! dessinateur","article_publisher":"https:\/\/www.facebook.com\/na-dessinateur-110880605617002\/","article_published_time":"2019-02-07T17:50:06+00:00","og_image":[{"url":"http:\/\/www.dessinateur.biz\/blog\/wp-content\/uploads\/2019\/02\/6015C085-6F31-4FFB-9B0E-1C620A0390BE-e1549561404414.jpeg"}],"author":"na!","twitter_card":"summary","twitter_creator":"@na_dessinateur","twitter_site":"@na_dessinateur","twitter_misc":{"\u00c9crit par":"na!"},"schema":{"@context":"https:\/\/schema.org","@graph":[{"@type":"WebSite","@id":"https:\/\/www.dessinateur.biz\/blog\/#website","url":"https:\/\/www.dessinateur.biz\/blog\/","name":"na! dessinateur","description":"Dessinateur de presse, dessinateur humoristique, dessinateur en direct, communication par le dessin d&#039;humour","potentialAction":[{"@type":"SearchAction","target":{"@type":"EntryPoint","urlTemplate":"https:\/\/www.dessinateur.biz\/blog\/?s={search_term_string}"},"query-input":"required name=search_term_string"}],"inLanguage":"fr-FR"},{"@type":"ImageObject","inLanguage":"fr-FR","@id":"https:\/\/www.dessinateur.biz\/blog\/2019\/02\/07\/grand-debat-macron-a-autun\/#primaryimage","url":"http:\/\/www.dessinateur.biz\/blog\/wp-content\/uploads\/2019\/02\/6015C085-6F31-4FFB-9B0E-1C620A0390BE-e1549561404414.jpeg","contentUrl":"http:\/\/www.dessinateur.biz\/blog\/wp-content\/uploads\/2019\/02\/6015C085-6F31-4FFB-9B0E-1C620A0390BE-e1549561404414.jpeg"},{"@type":"WebPage","@id":"https:\/\/www.dessinateur.biz\/blog\/2019\/02\/07\/grand-debat-macron-a-autun\/","url":"https:\/\/www.dessinateur.biz\/blog\/2019\/02\/07\/grand-debat-macron-a-autun\/","name":"Grand d\u00e9bat, Macron \u00e0 Autun - na! dessinateur","isPartOf":{"@id":"https:\/\/www.dessinateur.biz\/blog\/#website"},"primaryImageOfPage":{"@id":"https:\/\/www.dessinateur.biz\/blog\/2019\/02\/07\/grand-debat-macron-a-autun\/#primaryimage"},"datePublished":"2019-02-07T17:50:06+00:00","dateModified":"2019-02-07T17:50:06+00:00","author":{"@id":"https:\/\/www.dessinateur.biz\/blog\/#\/schema\/person\/90fd246a07ba4b0ffa54158c72f0ab23"},"description":"na! dessinateur, communication par le dessin humoristique, dessin de presse, dessin en direct live pour vos s\u00e9minaires ou conventions, cr\u00e9ation graphique","breadcrumb":{"@id":"https:\/\/www.dessinateur.biz\/blog\/2019\/02\/07\/grand-debat-macron-a-autun\/#breadcrumb"},"inLanguage":"fr-FR","potentialAction":[{"@type":"ReadAction","target":["https:\/\/www.dessinateur.biz\/blog\/2019\/02\/07\/grand-debat-macron-a-autun\/"]}]},{"@type":"BreadcrumbList","@id":"https:\/\/www.dessinateur.biz\/blog\/2019\/02\/07\/grand-debat-macron-a-autun\/#breadcrumb","itemListElement":[{"@type":"ListItem","position":1,"name":"Accueil","item":"https:\/\/www.dessinateur.biz\/blog\/"},{"@type":"ListItem","position":2,"name":"Grand d\u00e9bat, Macron \u00e0 Autun"}]},{"@type":"Person","@id":"https:\/\/www.dessinateur.biz\/blog\/#\/schema\/person\/90fd246a07ba4b0ffa54158c72f0ab23","name":"na!","image":{"@type":"ImageObject","inLanguage":"fr-FR","@id":"https:\/\/www.dessinateur.biz\/blog\/#\/schema\/person\/image\/","url":"https:\/\/secure.gravatar.com\/avatar\/b56295643f3232aa6d4fe18c4cff5d11?s=96&d=mm&r=g","contentUrl":"https:\/\/secure.gravatar.com\/avatar\/b56295643f3232aa6d4fe18c4cff5d11?s=96&d=mm&r=g","caption":"na!"},"url":"https:\/\/www.dessinateur.biz\/blog\/author\/admin\/"}]}},"_links":{"self":[{"href":"https:\/\/www.dessinateur.biz\/blog\/wp-json\/wp\/v2\/posts\/15364"}],"collection":[{"href":"https:\/\/www.dessinateur.biz\/blog\/wp-json\/wp\/v2\/posts"}],"about":[{"href":"https:\/\/www.dessinateur.biz\/blog\/wp-json\/wp\/v2\/types\/post"}],"author":[{"embeddable":true,"href":"https:\/\/www.dessinateur.biz\/blog\/wp-json\/wp\/v2\/users\/1"}],"replies":[{"embeddable":true,"href":"https:\/\/www.dessinateur.biz\/blog\/wp-json\/wp\/v2\/comments?post=15364"}],"version-history":[{"count":3,"href":"https:\/\/www.dessinateur.biz\/blog\/wp-json\/wp\/v2\/posts\/15364\/revisions"}],"predecessor-version":[{"id":15368,"href":"https:\/\/www.dessinateur.biz\/blog\/wp-json\/wp\/v2\/posts\/15364\/revisions\/15368"}],"wp:attachment":[{"href":"https:\/\/www.dessinateur.biz\/blog\/wp-json\/wp\/v2\/media?parent=15364"}],"wp:term":[{"taxonomy":"category","embeddable":true,"href":"https:\/\/www.dessinateur.biz\/blog\/wp-json\/wp\/v2\/categories?post=15364"},{"taxonomy":"post_tag","embeddable":true,"href":"https:\/\/www.dessinateur.biz\/blog\/wp-json\/wp\/v2\/tags?post=15364"}],"curies":[{"name":"wp","href":"https:\/\/api.w.org\/{rel}","templated":true}]}}