{"id":15297,"date":"2019-01-14T11:16:00","date_gmt":"2019-01-14T10:16:00","guid":{"rendered":"http:\/\/www.dessinateur.biz\/blog\/?p=15297"},"modified":"2019-01-14T11:16:00","modified_gmt":"2019-01-14T10:16:00","slug":"lettre-macron-premieres-reactions","status":"publish","type":"post","link":"https:\/\/www.dessinateur.biz\/blog\/2019\/01\/14\/lettre-macron-premieres-reactions\/","title":{"rendered":"Lettre Macron, les premi\u00e8res r\u00e9actions"},"content":{"rendered":"<p><img loading=\"lazy\" class=\"alignnone size-full wp-image-15299\" alt=\"2418_lettre_macron\" src=\"https:\/\/www.dessinateur.biz\/blog\/wp-content\/uploads\/2019\/01\/2418_lettre_macron.jpg\" width=\"600\" height=\"450\" srcset=\"https:\/\/www.dessinateur.biz\/blog\/wp-content\/uploads\/2019\/01\/2418_lettre_macron.jpg 600w, https:\/\/www.dessinateur.biz\/blog\/wp-content\/uploads\/2019\/01\/2418_lettre_macron-300x225.jpg 300w\" sizes=\"(max-width: 600px) 100vw, 600px\" \/><\/p>\n<h3>contexte :<\/h3>\n<div>\n<div>\n<div>\n<div>C&rsquo;est ce matin qu&rsquo;est officiellement publi\u00e9e la lettre du pr\u00e9sident aux Fran\u00e7ais dans le cadre du lancement du grand d\u00e9bat national, et d\u00e9j\u00e0 les r\u00e9actions se font entendre. Entre les partisans qui revendiquent une ouverture vers le peuple et les d\u00e9tracteurs qui annoncent que les jeux sont d\u00e9j\u00e0 faits&#8230; les commentateurs de tout poils sont de plus en\u00a0 plus divis\u00e9s.<\/div>\n<\/div>\n<\/div>\n<\/div>\n<h3>o\u00f9 :<\/h3>\n<p>Retrouvez na! tous les jours sur BFMTV 12h20, 13h20, 14h20<\/p>\n","protected":false},"excerpt":{"rendered":"<p>contexte : C&rsquo;est ce matin qu&rsquo;est officiellement publi\u00e9e la lettre du pr\u00e9sident aux Fran\u00e7ais dans le cadre du lancement du grand d\u00e9bat national, et d\u00e9j\u00e0 les r\u00e9actions se font entendre. Entre les partisans qui revendiquent une ouverture vers le peuple et les d\u00e9tracteurs qui annoncent que les jeux sont d\u00e9j\u00e0 faits&#8230; les commentateurs de tout [&hellip;]<\/p>\n","protected":false},"author":1,"featured_media":0,"comment_status":"open","ping_status":"open","sticky":false,"template":"","format":"standard","meta":[],"categories":[6],"tags":[1501,146,3908,14,5,5193,13,1577,3217,5189,5282,5284,544,4,5274,2761,1888],"yoast_head":"<!-- This site is optimized with the Yoast SEO plugin v19.3 - https:\/\/yoast.com\/wordpress\/plugins\/seo\/ -->\n<title>Lettre Macron, les premi\u00e8res r\u00e9actions - na! dessinateur<\/title>\n<meta name=\"description\" content=\"na! dessinateur, communication par le dessin humoristique, dessin de presse, dessin en direct live pour vos s\u00e9minaires ou conventions, cr\u00e9ation graphique\" \/>\n<meta name=\"robots\" content=\"noindex, follow\" \/>\n<meta property=\"og:locale\" content=\"fr_FR\" \/>\n<meta property=\"og:type\" content=\"article\" \/>\n<meta property=\"og:title\" content=\"Lettre Macron, les premi\u00e8res r\u00e9actions - na! dessinateur\" \/>\n<meta property=\"og:description\" content=\"na! dessinateur, communication par le dessin humoristique, dessin de presse, dessin en direct live pour vos s\u00e9minaires ou conventions, cr\u00e9ation graphique\" \/>\n<meta property=\"og:url\" content=\"https:\/\/www.dessinateur.biz\/blog\/2019\/01\/14\/lettre-macron-premieres-reactions\/\" \/>\n<meta property=\"og:site_name\" content=\"na! dessinateur\" \/>\n<meta property=\"article:publisher\" content=\"https:\/\/www.facebook.com\/na-dessinateur-110880605617002\/\" \/>\n<meta property=\"article:published_time\" content=\"2019-01-14T10:16:00+00:00\" \/>\n<meta property=\"og:image\" content=\"http:\/\/www.dessinateur.biz\/blog\/wp-content\/uploads\/2019\/01\/2418_lettre_macron.jpg\" \/>\n<meta name=\"author\" content=\"na!\" \/>\n<meta name=\"twitter:card\" content=\"summary\" \/>\n<meta name=\"twitter:creator\" content=\"@na_dessinateur\" \/>\n<meta name=\"twitter:site\" content=\"@na_dessinateur\" \/>\n<meta name=\"twitter:label1\" content=\"\u00c9crit par\" \/>\n\t<meta name=\"twitter:data1\" content=\"na!\" \/>\n<script type=\"application\/ld+json\" class=\"yoast-schema-graph\">{\"@context\":\"https:\/\/schema.org\",\"@graph\":[{\"@type\":\"WebSite\",\"@id\":\"https:\/\/www.dessinateur.biz\/blog\/#website\",\"url\":\"https:\/\/www.dessinateur.biz\/blog\/\",\"name\":\"na! dessinateur\",\"description\":\"Dessinateur de presse, dessinateur humoristique, dessinateur en direct, communication par le dessin d&#039;humour\",\"potentialAction\":[{\"@type\":\"SearchAction\",\"target\":{\"@type\":\"EntryPoint\",\"urlTemplate\":\"https:\/\/www.dessinateur.biz\/blog\/?s={search_term_string}\"},\"query-input\":\"required name=search_term_string\"}],\"inLanguage\":\"fr-FR\"},{\"@type\":\"ImageObject\",\"inLanguage\":\"fr-FR\",\"@id\":\"https:\/\/www.dessinateur.biz\/blog\/2019\/01\/14\/lettre-macron-premieres-reactions\/#primaryimage\",\"url\":\"http:\/\/www.dessinateur.biz\/blog\/wp-content\/uploads\/2019\/01\/2418_lettre_macron.jpg\",\"contentUrl\":\"http:\/\/www.dessinateur.biz\/blog\/wp-content\/uploads\/2019\/01\/2418_lettre_macron.jpg\"},{\"@type\":\"WebPage\",\"@id\":\"https:\/\/www.dessinateur.biz\/blog\/2019\/01\/14\/lettre-macron-premieres-reactions\/\",\"url\":\"https:\/\/www.dessinateur.biz\/blog\/2019\/01\/14\/lettre-macron-premieres-reactions\/\",\"name\":\"Lettre Macron, les premi\u00e8res r\u00e9actions - na! dessinateur\",\"isPartOf\":{\"@id\":\"https:\/\/www.dessinateur.biz\/blog\/#website\"},\"primaryImageOfPage\":{\"@id\":\"https:\/\/www.dessinateur.biz\/blog\/2019\/01\/14\/lettre-macron-premieres-reactions\/#primaryimage\"},\"datePublished\":\"2019-01-14T10:16:00+00:00\",\"dateModified\":\"2019-01-14T10:16:00+00:00\",\"author\":{\"@id\":\"https:\/\/www.dessinateur.biz\/blog\/#\/schema\/person\/90fd246a07ba4b0ffa54158c72f0ab23\"},\"description\":\"na! dessinateur, communication par le dessin humoristique, dessin de presse, dessin en direct live pour vos s\u00e9minaires ou conventions, cr\u00e9ation graphique\",\"breadcrumb\":{\"@id\":\"https:\/\/www.dessinateur.biz\/blog\/2019\/01\/14\/lettre-macron-premieres-reactions\/#breadcrumb\"},\"inLanguage\":\"fr-FR\",\"potentialAction\":[{\"@type\":\"ReadAction\",\"target\":[\"https:\/\/www.dessinateur.biz\/blog\/2019\/01\/14\/lettre-macron-premieres-reactions\/\"]}]},{\"@type\":\"BreadcrumbList\",\"@id\":\"https:\/\/www.dessinateur.biz\/blog\/2019\/01\/14\/lettre-macron-premieres-reactions\/#breadcrumb\",\"itemListElement\":[{\"@type\":\"ListItem\",\"position\":1,\"name\":\"Accueil\",\"item\":\"https:\/\/www.dessinateur.biz\/blog\/\"},{\"@type\":\"ListItem\",\"position\":2,\"name\":\"Lettre Macron, les premi\u00e8res r\u00e9actions\"}]},{\"@type\":\"Person\",\"@id\":\"https:\/\/www.dessinateur.biz\/blog\/#\/schema\/person\/90fd246a07ba4b0ffa54158c72f0ab23\",\"name\":\"na!\",\"image\":{\"@type\":\"ImageObject\",\"inLanguage\":\"fr-FR\",\"@id\":\"https:\/\/www.dessinateur.biz\/blog\/#\/schema\/person\/image\/\",\"url\":\"https:\/\/secure.gravatar.com\/avatar\/b56295643f3232aa6d4fe18c4cff5d11?s=96&d=mm&r=g\",\"contentUrl\":\"https:\/\/secure.gravatar.com\/avatar\/b56295643f3232aa6d4fe18c4cff5d11?s=96&d=mm&r=g\",\"caption\":\"na!\"},\"url\":\"https:\/\/www.dessinateur.biz\/blog\/author\/admin\/\"}]}<\/script>\n<!-- \/ Yoast SEO plugin. -->","yoast_head_json":{"title":"Lettre Macron, les premi\u00e8res r\u00e9actions - na! dessinateur","description":"na! dessinateur, communication par le dessin humoristique, dessin de presse, dessin en direct live pour vos s\u00e9minaires ou conventions, cr\u00e9ation graphique","robots":{"index":"noindex","follow":"follow"},"og_locale":"fr_FR","og_type":"article","og_title":"Lettre Macron, les premi\u00e8res r\u00e9actions - na! dessinateur","og_description":"na! dessinateur, communication par le dessin humoristique, dessin de presse, dessin en direct live pour vos s\u00e9minaires ou conventions, cr\u00e9ation graphique","og_url":"https:\/\/www.dessinateur.biz\/blog\/2019\/01\/14\/lettre-macron-premieres-reactions\/","og_site_name":"na! dessinateur","article_publisher":"https:\/\/www.facebook.com\/na-dessinateur-110880605617002\/","article_published_time":"2019-01-14T10:16:00+00:00","og_image":[{"url":"http:\/\/www.dessinateur.biz\/blog\/wp-content\/uploads\/2019\/01\/2418_lettre_macron.jpg"}],"author":"na!","twitter_card":"summary","twitter_creator":"@na_dessinateur","twitter_site":"@na_dessinateur","twitter_misc":{"\u00c9crit par":"na!"},"schema":{"@context":"https:\/\/schema.org","@graph":[{"@type":"WebSite","@id":"https:\/\/www.dessinateur.biz\/blog\/#website","url":"https:\/\/www.dessinateur.biz\/blog\/","name":"na! dessinateur","description":"Dessinateur de presse, dessinateur humoristique, dessinateur en direct, communication par le dessin d&#039;humour","potentialAction":[{"@type":"SearchAction","target":{"@type":"EntryPoint","urlTemplate":"https:\/\/www.dessinateur.biz\/blog\/?s={search_term_string}"},"query-input":"required name=search_term_string"}],"inLanguage":"fr-FR"},{"@type":"ImageObject","inLanguage":"fr-FR","@id":"https:\/\/www.dessinateur.biz\/blog\/2019\/01\/14\/lettre-macron-premieres-reactions\/#primaryimage","url":"http:\/\/www.dessinateur.biz\/blog\/wp-content\/uploads\/2019\/01\/2418_lettre_macron.jpg","contentUrl":"http:\/\/www.dessinateur.biz\/blog\/wp-content\/uploads\/2019\/01\/2418_lettre_macron.jpg"},{"@type":"WebPage","@id":"https:\/\/www.dessinateur.biz\/blog\/2019\/01\/14\/lettre-macron-premieres-reactions\/","url":"https:\/\/www.dessinateur.biz\/blog\/2019\/01\/14\/lettre-macron-premieres-reactions\/","name":"Lettre Macron, les premi\u00e8res r\u00e9actions - na! dessinateur","isPartOf":{"@id":"https:\/\/www.dessinateur.biz\/blog\/#website"},"primaryImageOfPage":{"@id":"https:\/\/www.dessinateur.biz\/blog\/2019\/01\/14\/lettre-macron-premieres-reactions\/#primaryimage"},"datePublished":"2019-01-14T10:16:00+00:00","dateModified":"2019-01-14T10:16:00+00:00","author":{"@id":"https:\/\/www.dessinateur.biz\/blog\/#\/schema\/person\/90fd246a07ba4b0ffa54158c72f0ab23"},"description":"na! dessinateur, communication par le dessin humoristique, dessin de presse, dessin en direct live pour vos s\u00e9minaires ou conventions, cr\u00e9ation graphique","breadcrumb":{"@id":"https:\/\/www.dessinateur.biz\/blog\/2019\/01\/14\/lettre-macron-premieres-reactions\/#breadcrumb"},"inLanguage":"fr-FR","potentialAction":[{"@type":"ReadAction","target":["https:\/\/www.dessinateur.biz\/blog\/2019\/01\/14\/lettre-macron-premieres-reactions\/"]}]},{"@type":"BreadcrumbList","@id":"https:\/\/www.dessinateur.biz\/blog\/2019\/01\/14\/lettre-macron-premieres-reactions\/#breadcrumb","itemListElement":[{"@type":"ListItem","position":1,"name":"Accueil","item":"https:\/\/www.dessinateur.biz\/blog\/"},{"@type":"ListItem","position":2,"name":"Lettre Macron, les premi\u00e8res r\u00e9actions"}]},{"@type":"Person","@id":"https:\/\/www.dessinateur.biz\/blog\/#\/schema\/person\/90fd246a07ba4b0ffa54158c72f0ab23","name":"na!","image":{"@type":"ImageObject","inLanguage":"fr-FR","@id":"https:\/\/www.dessinateur.biz\/blog\/#\/schema\/person\/image\/","url":"https:\/\/secure.gravatar.com\/avatar\/b56295643f3232aa6d4fe18c4cff5d11?s=96&d=mm&r=g","contentUrl":"https:\/\/secure.gravatar.com\/avatar\/b56295643f3232aa6d4fe18c4cff5d11?s=96&d=mm&r=g","caption":"na!"},"url":"https:\/\/www.dessinateur.biz\/blog\/author\/admin\/"}]}},"_links":{"self":[{"href":"https:\/\/www.dessinateur.biz\/blog\/wp-json\/wp\/v2\/posts\/15297"}],"collection":[{"href":"https:\/\/www.dessinateur.biz\/blog\/wp-json\/wp\/v2\/posts"}],"about":[{"href":"https:\/\/www.dessinateur.biz\/blog\/wp-json\/wp\/v2\/types\/post"}],"author":[{"embeddable":true,"href":"https:\/\/www.dessinateur.biz\/blog\/wp-json\/wp\/v2\/users\/1"}],"replies":[{"embeddable":true,"href":"https:\/\/www.dessinateur.biz\/blog\/wp-json\/wp\/v2\/comments?post=15297"}],"version-history":[{"count":2,"href":"https:\/\/www.dessinateur.biz\/blog\/wp-json\/wp\/v2\/posts\/15297\/revisions"}],"predecessor-version":[{"id":15300,"href":"https:\/\/www.dessinateur.biz\/blog\/wp-json\/wp\/v2\/posts\/15297\/revisions\/15300"}],"wp:attachment":[{"href":"https:\/\/www.dessinateur.biz\/blog\/wp-json\/wp\/v2\/media?parent=15297"}],"wp:term":[{"taxonomy":"category","embeddable":true,"href":"https:\/\/www.dessinateur.biz\/blog\/wp-json\/wp\/v2\/categories?post=15297"},{"taxonomy":"post_tag","embeddable":true,"href":"https:\/\/www.dessinateur.biz\/blog\/wp-json\/wp\/v2\/tags?post=15297"}],"curies":[{"name":"wp","href":"https:\/\/api.w.org\/{rel}","templated":true}]}}