{"id":14982,"date":"2018-09-25T08:56:32","date_gmt":"2018-09-25T07:56:32","guid":{"rendered":"http:\/\/www.dessinateur.biz\/blog\/?p=14982"},"modified":"2018-09-25T08:56:32","modified_gmt":"2018-09-25T07:56:32","slug":"valls-mairie-de-barcelone-ira-ira","status":"publish","type":"post","link":"https:\/\/www.dessinateur.biz\/blog\/2018\/09\/25\/valls-mairie-de-barcelone-ira-ira\/","title":{"rendered":"Valls &#8211; mairie de Barcelone : ira, ira pas ?"},"content":{"rendered":"<p><img loading=\"lazy\" class=\"alignnone size-full wp-image-14984\" alt=\"2349_valls_barcelone\" src=\"https:\/\/www.dessinateur.biz\/blog\/wp-content\/uploads\/2018\/09\/2349_valls_barcelone.jpg\" width=\"600\" height=\"450\" srcset=\"https:\/\/www.dessinateur.biz\/blog\/wp-content\/uploads\/2018\/09\/2349_valls_barcelone.jpg 600w, https:\/\/www.dessinateur.biz\/blog\/wp-content\/uploads\/2018\/09\/2349_valls_barcelone-300x225.jpg 300w\" sizes=\"(max-width: 600px) 100vw, 600px\" \/><\/p>\n<h3>contexte :<\/h3>\n<p>Manuel Valls, ex premier ministre adepte du passage en force au 49.3, qui avait fait des pieds et mains pour \u00eatre sous \u00e9tiquette LREM dans la bataille \u00e9lectorale pour le 91, pour finalement gagner sur le fil avec de fortes suspicions de triche. Ce m\u00eame Valls, \u00e0 la peine dans les m\u00e9dias, donnant son avis sur tout (dont tout le monde se fout), brigue d\u00e9sormais la mairie de Barcelone en Espagne&#8230;<\/p>\n<h3>o\u00f9 :<\/h3>\n<p>Retrouvez na! tous les jours sur BFMTV 12h20, 13h20, 14h20<\/p>\n","protected":false},"excerpt":{"rendered":"<p>contexte : Manuel Valls, ex premier ministre adepte du passage en force au 49.3, qui avait fait des pieds et mains pour \u00eatre sous \u00e9tiquette LREM dans la bataille \u00e9lectorale pour le 91, pour finalement gagner sur le fil avec de fortes suspicions de triche. Ce m\u00eame Valls, \u00e0 la peine dans les m\u00e9dias, donnant [&hellip;]<\/p>\n","protected":false},"author":1,"featured_media":0,"comment_status":"open","ping_status":"open","sticky":false,"template":"","format":"standard","meta":[],"categories":[6],"tags":[3407,4495,1501,14,5,13,1577,1659,5088,1826,544,5089,4],"yoast_head":"<!-- This site is optimized with the Yoast SEO plugin v19.3 - https:\/\/yoast.com\/wordpress\/plugins\/seo\/ -->\n<title>Valls - mairie de Barcelone : ira, ira pas ? - na! dessinateur<\/title>\n<meta name=\"description\" content=\"na! dessinateur, communication par le dessin humoristique, dessin de presse, dessin en direct live pour vos s\u00e9minaires ou conventions, cr\u00e9ation graphique\" \/>\n<meta name=\"robots\" content=\"noindex, follow\" \/>\n<meta property=\"og:locale\" content=\"fr_FR\" \/>\n<meta property=\"og:type\" content=\"article\" \/>\n<meta property=\"og:title\" content=\"Valls - mairie de Barcelone : ira, ira pas ? - na! dessinateur\" \/>\n<meta property=\"og:description\" content=\"na! dessinateur, communication par le dessin humoristique, dessin de presse, dessin en direct live pour vos s\u00e9minaires ou conventions, cr\u00e9ation graphique\" \/>\n<meta property=\"og:url\" content=\"https:\/\/www.dessinateur.biz\/blog\/2018\/09\/25\/valls-mairie-de-barcelone-ira-ira\/\" \/>\n<meta property=\"og:site_name\" content=\"na! dessinateur\" \/>\n<meta property=\"article:publisher\" content=\"https:\/\/www.facebook.com\/na-dessinateur-110880605617002\/\" \/>\n<meta property=\"article:published_time\" content=\"2018-09-25T07:56:32+00:00\" \/>\n<meta property=\"og:image\" content=\"http:\/\/www.dessinateur.biz\/blog\/wp-content\/uploads\/2018\/09\/2349_valls_barcelone.jpg\" \/>\n<meta name=\"author\" content=\"na!\" \/>\n<meta name=\"twitter:card\" content=\"summary\" \/>\n<meta name=\"twitter:creator\" content=\"@na_dessinateur\" \/>\n<meta name=\"twitter:site\" content=\"@na_dessinateur\" \/>\n<meta name=\"twitter:label1\" content=\"\u00c9crit par\" \/>\n\t<meta name=\"twitter:data1\" content=\"na!\" \/>\n<script type=\"application\/ld+json\" class=\"yoast-schema-graph\">{\"@context\":\"https:\/\/schema.org\",\"@graph\":[{\"@type\":\"WebSite\",\"@id\":\"https:\/\/www.dessinateur.biz\/blog\/#website\",\"url\":\"https:\/\/www.dessinateur.biz\/blog\/\",\"name\":\"na! dessinateur\",\"description\":\"Dessinateur de presse, dessinateur humoristique, dessinateur en direct, communication par le dessin d&#039;humour\",\"potentialAction\":[{\"@type\":\"SearchAction\",\"target\":{\"@type\":\"EntryPoint\",\"urlTemplate\":\"https:\/\/www.dessinateur.biz\/blog\/?s={search_term_string}\"},\"query-input\":\"required name=search_term_string\"}],\"inLanguage\":\"fr-FR\"},{\"@type\":\"ImageObject\",\"inLanguage\":\"fr-FR\",\"@id\":\"https:\/\/www.dessinateur.biz\/blog\/2018\/09\/25\/valls-mairie-de-barcelone-ira-ira\/#primaryimage\",\"url\":\"http:\/\/www.dessinateur.biz\/blog\/wp-content\/uploads\/2018\/09\/2349_valls_barcelone.jpg\",\"contentUrl\":\"http:\/\/www.dessinateur.biz\/blog\/wp-content\/uploads\/2018\/09\/2349_valls_barcelone.jpg\"},{\"@type\":\"WebPage\",\"@id\":\"https:\/\/www.dessinateur.biz\/blog\/2018\/09\/25\/valls-mairie-de-barcelone-ira-ira\/\",\"url\":\"https:\/\/www.dessinateur.biz\/blog\/2018\/09\/25\/valls-mairie-de-barcelone-ira-ira\/\",\"name\":\"Valls - mairie de Barcelone : ira, ira pas ? - na! dessinateur\",\"isPartOf\":{\"@id\":\"https:\/\/www.dessinateur.biz\/blog\/#website\"},\"primaryImageOfPage\":{\"@id\":\"https:\/\/www.dessinateur.biz\/blog\/2018\/09\/25\/valls-mairie-de-barcelone-ira-ira\/#primaryimage\"},\"datePublished\":\"2018-09-25T07:56:32+00:00\",\"dateModified\":\"2018-09-25T07:56:32+00:00\",\"author\":{\"@id\":\"https:\/\/www.dessinateur.biz\/blog\/#\/schema\/person\/90fd246a07ba4b0ffa54158c72f0ab23\"},\"description\":\"na! dessinateur, communication par le dessin humoristique, dessin de presse, dessin en direct live pour vos s\u00e9minaires ou conventions, cr\u00e9ation graphique\",\"breadcrumb\":{\"@id\":\"https:\/\/www.dessinateur.biz\/blog\/2018\/09\/25\/valls-mairie-de-barcelone-ira-ira\/#breadcrumb\"},\"inLanguage\":\"fr-FR\",\"potentialAction\":[{\"@type\":\"ReadAction\",\"target\":[\"https:\/\/www.dessinateur.biz\/blog\/2018\/09\/25\/valls-mairie-de-barcelone-ira-ira\/\"]}]},{\"@type\":\"BreadcrumbList\",\"@id\":\"https:\/\/www.dessinateur.biz\/blog\/2018\/09\/25\/valls-mairie-de-barcelone-ira-ira\/#breadcrumb\",\"itemListElement\":[{\"@type\":\"ListItem\",\"position\":1,\"name\":\"Accueil\",\"item\":\"https:\/\/www.dessinateur.biz\/blog\/\"},{\"@type\":\"ListItem\",\"position\":2,\"name\":\"Valls &#8211; mairie de Barcelone : ira, ira pas ?\"}]},{\"@type\":\"Person\",\"@id\":\"https:\/\/www.dessinateur.biz\/blog\/#\/schema\/person\/90fd246a07ba4b0ffa54158c72f0ab23\",\"name\":\"na!\",\"image\":{\"@type\":\"ImageObject\",\"inLanguage\":\"fr-FR\",\"@id\":\"https:\/\/www.dessinateur.biz\/blog\/#\/schema\/person\/image\/\",\"url\":\"https:\/\/secure.gravatar.com\/avatar\/b56295643f3232aa6d4fe18c4cff5d11?s=96&d=mm&r=g\",\"contentUrl\":\"https:\/\/secure.gravatar.com\/avatar\/b56295643f3232aa6d4fe18c4cff5d11?s=96&d=mm&r=g\",\"caption\":\"na!\"},\"url\":\"https:\/\/www.dessinateur.biz\/blog\/author\/admin\/\"}]}<\/script>\n<!-- \/ Yoast SEO plugin. -->","yoast_head_json":{"title":"Valls - mairie de Barcelone : ira, ira pas ? - na! dessinateur","description":"na! dessinateur, communication par le dessin humoristique, dessin de presse, dessin en direct live pour vos s\u00e9minaires ou conventions, cr\u00e9ation graphique","robots":{"index":"noindex","follow":"follow"},"og_locale":"fr_FR","og_type":"article","og_title":"Valls - mairie de Barcelone : ira, ira pas ? - na! dessinateur","og_description":"na! dessinateur, communication par le dessin humoristique, dessin de presse, dessin en direct live pour vos s\u00e9minaires ou conventions, cr\u00e9ation graphique","og_url":"https:\/\/www.dessinateur.biz\/blog\/2018\/09\/25\/valls-mairie-de-barcelone-ira-ira\/","og_site_name":"na! dessinateur","article_publisher":"https:\/\/www.facebook.com\/na-dessinateur-110880605617002\/","article_published_time":"2018-09-25T07:56:32+00:00","og_image":[{"url":"http:\/\/www.dessinateur.biz\/blog\/wp-content\/uploads\/2018\/09\/2349_valls_barcelone.jpg"}],"author":"na!","twitter_card":"summary","twitter_creator":"@na_dessinateur","twitter_site":"@na_dessinateur","twitter_misc":{"\u00c9crit par":"na!"},"schema":{"@context":"https:\/\/schema.org","@graph":[{"@type":"WebSite","@id":"https:\/\/www.dessinateur.biz\/blog\/#website","url":"https:\/\/www.dessinateur.biz\/blog\/","name":"na! dessinateur","description":"Dessinateur de presse, dessinateur humoristique, dessinateur en direct, communication par le dessin d&#039;humour","potentialAction":[{"@type":"SearchAction","target":{"@type":"EntryPoint","urlTemplate":"https:\/\/www.dessinateur.biz\/blog\/?s={search_term_string}"},"query-input":"required name=search_term_string"}],"inLanguage":"fr-FR"},{"@type":"ImageObject","inLanguage":"fr-FR","@id":"https:\/\/www.dessinateur.biz\/blog\/2018\/09\/25\/valls-mairie-de-barcelone-ira-ira\/#primaryimage","url":"http:\/\/www.dessinateur.biz\/blog\/wp-content\/uploads\/2018\/09\/2349_valls_barcelone.jpg","contentUrl":"http:\/\/www.dessinateur.biz\/blog\/wp-content\/uploads\/2018\/09\/2349_valls_barcelone.jpg"},{"@type":"WebPage","@id":"https:\/\/www.dessinateur.biz\/blog\/2018\/09\/25\/valls-mairie-de-barcelone-ira-ira\/","url":"https:\/\/www.dessinateur.biz\/blog\/2018\/09\/25\/valls-mairie-de-barcelone-ira-ira\/","name":"Valls - mairie de Barcelone : ira, ira pas ? - na! dessinateur","isPartOf":{"@id":"https:\/\/www.dessinateur.biz\/blog\/#website"},"primaryImageOfPage":{"@id":"https:\/\/www.dessinateur.biz\/blog\/2018\/09\/25\/valls-mairie-de-barcelone-ira-ira\/#primaryimage"},"datePublished":"2018-09-25T07:56:32+00:00","dateModified":"2018-09-25T07:56:32+00:00","author":{"@id":"https:\/\/www.dessinateur.biz\/blog\/#\/schema\/person\/90fd246a07ba4b0ffa54158c72f0ab23"},"description":"na! dessinateur, communication par le dessin humoristique, dessin de presse, dessin en direct live pour vos s\u00e9minaires ou conventions, cr\u00e9ation graphique","breadcrumb":{"@id":"https:\/\/www.dessinateur.biz\/blog\/2018\/09\/25\/valls-mairie-de-barcelone-ira-ira\/#breadcrumb"},"inLanguage":"fr-FR","potentialAction":[{"@type":"ReadAction","target":["https:\/\/www.dessinateur.biz\/blog\/2018\/09\/25\/valls-mairie-de-barcelone-ira-ira\/"]}]},{"@type":"BreadcrumbList","@id":"https:\/\/www.dessinateur.biz\/blog\/2018\/09\/25\/valls-mairie-de-barcelone-ira-ira\/#breadcrumb","itemListElement":[{"@type":"ListItem","position":1,"name":"Accueil","item":"https:\/\/www.dessinateur.biz\/blog\/"},{"@type":"ListItem","position":2,"name":"Valls &#8211; mairie de Barcelone : ira, ira pas ?"}]},{"@type":"Person","@id":"https:\/\/www.dessinateur.biz\/blog\/#\/schema\/person\/90fd246a07ba4b0ffa54158c72f0ab23","name":"na!","image":{"@type":"ImageObject","inLanguage":"fr-FR","@id":"https:\/\/www.dessinateur.biz\/blog\/#\/schema\/person\/image\/","url":"https:\/\/secure.gravatar.com\/avatar\/b56295643f3232aa6d4fe18c4cff5d11?s=96&d=mm&r=g","contentUrl":"https:\/\/secure.gravatar.com\/avatar\/b56295643f3232aa6d4fe18c4cff5d11?s=96&d=mm&r=g","caption":"na!"},"url":"https:\/\/www.dessinateur.biz\/blog\/author\/admin\/"}]}},"_links":{"self":[{"href":"https:\/\/www.dessinateur.biz\/blog\/wp-json\/wp\/v2\/posts\/14982"}],"collection":[{"href":"https:\/\/www.dessinateur.biz\/blog\/wp-json\/wp\/v2\/posts"}],"about":[{"href":"https:\/\/www.dessinateur.biz\/blog\/wp-json\/wp\/v2\/types\/post"}],"author":[{"embeddable":true,"href":"https:\/\/www.dessinateur.biz\/blog\/wp-json\/wp\/v2\/users\/1"}],"replies":[{"embeddable":true,"href":"https:\/\/www.dessinateur.biz\/blog\/wp-json\/wp\/v2\/comments?post=14982"}],"version-history":[{"count":2,"href":"https:\/\/www.dessinateur.biz\/blog\/wp-json\/wp\/v2\/posts\/14982\/revisions"}],"predecessor-version":[{"id":14985,"href":"https:\/\/www.dessinateur.biz\/blog\/wp-json\/wp\/v2\/posts\/14982\/revisions\/14985"}],"wp:attachment":[{"href":"https:\/\/www.dessinateur.biz\/blog\/wp-json\/wp\/v2\/media?parent=14982"}],"wp:term":[{"taxonomy":"category","embeddable":true,"href":"https:\/\/www.dessinateur.biz\/blog\/wp-json\/wp\/v2\/categories?post=14982"},{"taxonomy":"post_tag","embeddable":true,"href":"https:\/\/www.dessinateur.biz\/blog\/wp-json\/wp\/v2\/tags?post=14982"}],"curies":[{"name":"wp","href":"https:\/\/api.w.org\/{rel}","templated":true}]}}