{"id":1434,"date":"2010-04-26T15:08:46","date_gmt":"2010-04-26T14:08:46","guid":{"rendered":"http:\/\/www.dessinateur.biz\/blog\/?p=1434"},"modified":"2010-04-26T15:44:09","modified_gmt":"2010-04-26T14:44:09","slug":"hier-au-5e-festival-de-dessins-dhumour-et-caricatures-de-vialas-lozere","status":"publish","type":"post","link":"https:\/\/www.dessinateur.biz\/blog\/2010\/04\/26\/hier-au-5e-festival-de-dessins-dhumour-et-caricatures-de-vialas-lozere\/","title":{"rendered":"Hier, au 5e Festival de dessins d&rsquo;humour et caricatures de Vialas (loz\u00e8re)"},"content":{"rendered":"<p><img loading=\"lazy\" class=\"alignleft size-full wp-image-1433\" title=\"grand concours du dessin \u00e0 l'envers (vialas 2010)\" src=\"https:\/\/www.dessinateur.biz\/blog\/wp-content\/uploads\/2010\/04\/grand-concours-du-dessin-\u00e0-lenvers-vialas-2010.jpg\" alt=\"grand concours du dessin \u00e0 l'envers (vialas 2010)\" width=\"600\" height=\"422\" srcset=\"https:\/\/www.dessinateur.biz\/blog\/wp-content\/uploads\/2010\/04\/grand-concours-du-dessin-\u00e0-lenvers-vialas-2010.jpg 600w, https:\/\/www.dessinateur.biz\/blog\/wp-content\/uploads\/2010\/04\/grand-concours-du-dessin-\u00e0-lenvers-vialas-2010-300x211.jpg 300w\" sizes=\"(max-width: 600px) 100vw, 600px\" \/><\/p>\n<h3>Quoi<\/h3>\n<p>D\u00e9lire de fin de festival : dessiner \u00e0 l&rsquo;envers (le dessin est donc bien dans le bon sens)<\/p>\n<h3>Qui<\/h3>\n<p><a href=\"http:\/\/www.ydel-dessin.fr\/\" target=\"_blank\">Ydel<\/a>, <a href=\"http:\/\/www.wingz.fr\/\" target=\"_blank\">wingz<\/a>, <a href=\"http:\/\/www.tym-cartoon.com\/\" target=\"_blank\">tym!<\/a>, andr\u00e9 lamorthe, <a href=\"http:\/\/ysope.over-blog.net\/\" target=\"_blank\">ysope<\/a>, <a href=\"http:\/\/mousswillis.skyrock.com\/\" target=\"_blank\">mouss<\/a>, <a href=\"http:\/\/www.alainjulien.com\/\" target=\"_blank\">alain-julien<\/a>, <a href=\"http:\/\/la-mouche-ducoche.blogspot.com\/\" target=\"_blank\">philippe morelle<\/a> et votre serviteur<\/p>\n<h3>Quand<\/h3>\n<p>Le 25 avril 2010<\/p>\n<h3>O\u00f9<\/h3>\n<p>bin&#8230; \u00e0 Vialas (loz\u00e8re)<\/p>\n","protected":false},"excerpt":{"rendered":"<p>Quoi D\u00e9lire de fin de festival : dessiner \u00e0 l&rsquo;envers (le dessin est donc bien dans le bon sens) Qui Ydel, wingz, tym!, andr\u00e9 lamorthe, ysope, mouss, alain-julien, philippe morelle et votre serviteur Quand Le 25 avril 2010 O\u00f9 bin&#8230; \u00e0 Vialas (loz\u00e8re)<\/p>\n","protected":false},"author":1,"featured_media":0,"comment_status":"open","ping_status":"open","sticky":false,"template":"","format":"standard","meta":[],"categories":[547],"tags":[919,916,21,146,5,13,912,918,920,914,913,915,917],"yoast_head":"<!-- This site is optimized with the Yoast SEO plugin v19.3 - https:\/\/yoast.com\/wordpress\/plugins\/seo\/ -->\n<title>Hier, au 5e Festival de dessins d&#039;humour et caricatures de Vialas (loz\u00e8re) - na! dessinateur<\/title>\n<meta name=\"description\" content=\"na! dessinateur, communication par le dessin humoristique, dessin de presse, dessin en direct live pour vos s\u00e9minaires ou conventions, cr\u00e9ation graphique\" \/>\n<meta name=\"robots\" content=\"noindex, follow\" \/>\n<meta property=\"og:locale\" content=\"fr_FR\" \/>\n<meta property=\"og:type\" content=\"article\" \/>\n<meta property=\"og:title\" content=\"Hier, au 5e Festival de dessins d&#039;humour et caricatures de Vialas (loz\u00e8re) - na! dessinateur\" \/>\n<meta property=\"og:description\" content=\"na! dessinateur, communication par le dessin humoristique, dessin de presse, dessin en direct live pour vos s\u00e9minaires ou conventions, cr\u00e9ation graphique\" \/>\n<meta property=\"og:url\" content=\"https:\/\/www.dessinateur.biz\/blog\/2010\/04\/26\/hier-au-5e-festival-de-dessins-dhumour-et-caricatures-de-vialas-lozere\/\" \/>\n<meta property=\"og:site_name\" content=\"na! dessinateur\" \/>\n<meta property=\"article:publisher\" content=\"https:\/\/www.facebook.com\/na-dessinateur-110880605617002\/\" \/>\n<meta property=\"article:published_time\" content=\"2010-04-26T14:08:46+00:00\" \/>\n<meta property=\"article:modified_time\" content=\"2010-04-26T14:44:09+00:00\" \/>\n<meta name=\"author\" content=\"na!\" \/>\n<meta name=\"twitter:card\" content=\"summary\" \/>\n<meta name=\"twitter:creator\" content=\"@na_dessinateur\" \/>\n<meta name=\"twitter:site\" content=\"@na_dessinateur\" \/>\n<meta name=\"twitter:label1\" content=\"\u00c9crit par\" \/>\n\t<meta name=\"twitter:data1\" content=\"na!\" \/>\n<script type=\"application\/ld+json\" class=\"yoast-schema-graph\">{\"@context\":\"https:\/\/schema.org\",\"@graph\":[{\"@type\":\"WebSite\",\"@id\":\"https:\/\/www.dessinateur.biz\/blog\/#website\",\"url\":\"https:\/\/www.dessinateur.biz\/blog\/\",\"name\":\"na! dessinateur\",\"description\":\"Dessinateur de presse, dessinateur humoristique, dessinateur en direct, communication par le dessin d&#039;humour\",\"potentialAction\":[{\"@type\":\"SearchAction\",\"target\":{\"@type\":\"EntryPoint\",\"urlTemplate\":\"https:\/\/www.dessinateur.biz\/blog\/?s={search_term_string}\"},\"query-input\":\"required name=search_term_string\"}],\"inLanguage\":\"fr-FR\"},{\"@type\":\"WebPage\",\"@id\":\"https:\/\/www.dessinateur.biz\/blog\/2010\/04\/26\/hier-au-5e-festival-de-dessins-dhumour-et-caricatures-de-vialas-lozere\/\",\"url\":\"https:\/\/www.dessinateur.biz\/blog\/2010\/04\/26\/hier-au-5e-festival-de-dessins-dhumour-et-caricatures-de-vialas-lozere\/\",\"name\":\"Hier, au 5e Festival de dessins d'humour et caricatures de Vialas (loz\u00e8re) - na! dessinateur\",\"isPartOf\":{\"@id\":\"https:\/\/www.dessinateur.biz\/blog\/#website\"},\"datePublished\":\"2010-04-26T14:08:46+00:00\",\"dateModified\":\"2010-04-26T14:44:09+00:00\",\"author\":{\"@id\":\"https:\/\/www.dessinateur.biz\/blog\/#\/schema\/person\/90fd246a07ba4b0ffa54158c72f0ab23\"},\"description\":\"na! dessinateur, communication par le dessin humoristique, dessin de presse, dessin en direct live pour vos s\u00e9minaires ou conventions, cr\u00e9ation graphique\",\"breadcrumb\":{\"@id\":\"https:\/\/www.dessinateur.biz\/blog\/2010\/04\/26\/hier-au-5e-festival-de-dessins-dhumour-et-caricatures-de-vialas-lozere\/#breadcrumb\"},\"inLanguage\":\"fr-FR\",\"potentialAction\":[{\"@type\":\"ReadAction\",\"target\":[\"https:\/\/www.dessinateur.biz\/blog\/2010\/04\/26\/hier-au-5e-festival-de-dessins-dhumour-et-caricatures-de-vialas-lozere\/\"]}]},{\"@type\":\"BreadcrumbList\",\"@id\":\"https:\/\/www.dessinateur.biz\/blog\/2010\/04\/26\/hier-au-5e-festival-de-dessins-dhumour-et-caricatures-de-vialas-lozere\/#breadcrumb\",\"itemListElement\":[{\"@type\":\"ListItem\",\"position\":1,\"name\":\"Accueil\",\"item\":\"https:\/\/www.dessinateur.biz\/blog\/\"},{\"@type\":\"ListItem\",\"position\":2,\"name\":\"Hier, au 5e Festival de dessins d&rsquo;humour et caricatures de Vialas (loz\u00e8re)\"}]},{\"@type\":\"Person\",\"@id\":\"https:\/\/www.dessinateur.biz\/blog\/#\/schema\/person\/90fd246a07ba4b0ffa54158c72f0ab23\",\"name\":\"na!\",\"image\":{\"@type\":\"ImageObject\",\"inLanguage\":\"fr-FR\",\"@id\":\"https:\/\/www.dessinateur.biz\/blog\/#\/schema\/person\/image\/\",\"url\":\"https:\/\/secure.gravatar.com\/avatar\/b56295643f3232aa6d4fe18c4cff5d11?s=96&d=mm&r=g\",\"contentUrl\":\"https:\/\/secure.gravatar.com\/avatar\/b56295643f3232aa6d4fe18c4cff5d11?s=96&d=mm&r=g\",\"caption\":\"na!\"},\"url\":\"https:\/\/www.dessinateur.biz\/blog\/author\/admin\/\"}]}<\/script>\n<!-- \/ Yoast SEO plugin. -->","yoast_head_json":{"title":"Hier, au 5e Festival de dessins d'humour et caricatures de Vialas (loz\u00e8re) - na! dessinateur","description":"na! dessinateur, communication par le dessin humoristique, dessin de presse, dessin en direct live pour vos s\u00e9minaires ou conventions, cr\u00e9ation graphique","robots":{"index":"noindex","follow":"follow"},"og_locale":"fr_FR","og_type":"article","og_title":"Hier, au 5e Festival de dessins d'humour et caricatures de Vialas (loz\u00e8re) - na! dessinateur","og_description":"na! dessinateur, communication par le dessin humoristique, dessin de presse, dessin en direct live pour vos s\u00e9minaires ou conventions, cr\u00e9ation graphique","og_url":"https:\/\/www.dessinateur.biz\/blog\/2010\/04\/26\/hier-au-5e-festival-de-dessins-dhumour-et-caricatures-de-vialas-lozere\/","og_site_name":"na! dessinateur","article_publisher":"https:\/\/www.facebook.com\/na-dessinateur-110880605617002\/","article_published_time":"2010-04-26T14:08:46+00:00","article_modified_time":"2010-04-26T14:44:09+00:00","author":"na!","twitter_card":"summary","twitter_creator":"@na_dessinateur","twitter_site":"@na_dessinateur","twitter_misc":{"\u00c9crit par":"na!"},"schema":{"@context":"https:\/\/schema.org","@graph":[{"@type":"WebSite","@id":"https:\/\/www.dessinateur.biz\/blog\/#website","url":"https:\/\/www.dessinateur.biz\/blog\/","name":"na! dessinateur","description":"Dessinateur de presse, dessinateur humoristique, dessinateur en direct, communication par le dessin d&#039;humour","potentialAction":[{"@type":"SearchAction","target":{"@type":"EntryPoint","urlTemplate":"https:\/\/www.dessinateur.biz\/blog\/?s={search_term_string}"},"query-input":"required name=search_term_string"}],"inLanguage":"fr-FR"},{"@type":"WebPage","@id":"https:\/\/www.dessinateur.biz\/blog\/2010\/04\/26\/hier-au-5e-festival-de-dessins-dhumour-et-caricatures-de-vialas-lozere\/","url":"https:\/\/www.dessinateur.biz\/blog\/2010\/04\/26\/hier-au-5e-festival-de-dessins-dhumour-et-caricatures-de-vialas-lozere\/","name":"Hier, au 5e Festival de dessins d'humour et caricatures de Vialas (loz\u00e8re) - na! dessinateur","isPartOf":{"@id":"https:\/\/www.dessinateur.biz\/blog\/#website"},"datePublished":"2010-04-26T14:08:46+00:00","dateModified":"2010-04-26T14:44:09+00:00","author":{"@id":"https:\/\/www.dessinateur.biz\/blog\/#\/schema\/person\/90fd246a07ba4b0ffa54158c72f0ab23"},"description":"na! dessinateur, communication par le dessin humoristique, dessin de presse, dessin en direct live pour vos s\u00e9minaires ou conventions, cr\u00e9ation graphique","breadcrumb":{"@id":"https:\/\/www.dessinateur.biz\/blog\/2010\/04\/26\/hier-au-5e-festival-de-dessins-dhumour-et-caricatures-de-vialas-lozere\/#breadcrumb"},"inLanguage":"fr-FR","potentialAction":[{"@type":"ReadAction","target":["https:\/\/www.dessinateur.biz\/blog\/2010\/04\/26\/hier-au-5e-festival-de-dessins-dhumour-et-caricatures-de-vialas-lozere\/"]}]},{"@type":"BreadcrumbList","@id":"https:\/\/www.dessinateur.biz\/blog\/2010\/04\/26\/hier-au-5e-festival-de-dessins-dhumour-et-caricatures-de-vialas-lozere\/#breadcrumb","itemListElement":[{"@type":"ListItem","position":1,"name":"Accueil","item":"https:\/\/www.dessinateur.biz\/blog\/"},{"@type":"ListItem","position":2,"name":"Hier, au 5e Festival de dessins d&rsquo;humour et caricatures de Vialas (loz\u00e8re)"}]},{"@type":"Person","@id":"https:\/\/www.dessinateur.biz\/blog\/#\/schema\/person\/90fd246a07ba4b0ffa54158c72f0ab23","name":"na!","image":{"@type":"ImageObject","inLanguage":"fr-FR","@id":"https:\/\/www.dessinateur.biz\/blog\/#\/schema\/person\/image\/","url":"https:\/\/secure.gravatar.com\/avatar\/b56295643f3232aa6d4fe18c4cff5d11?s=96&d=mm&r=g","contentUrl":"https:\/\/secure.gravatar.com\/avatar\/b56295643f3232aa6d4fe18c4cff5d11?s=96&d=mm&r=g","caption":"na!"},"url":"https:\/\/www.dessinateur.biz\/blog\/author\/admin\/"}]}},"_links":{"self":[{"href":"https:\/\/www.dessinateur.biz\/blog\/wp-json\/wp\/v2\/posts\/1434"}],"collection":[{"href":"https:\/\/www.dessinateur.biz\/blog\/wp-json\/wp\/v2\/posts"}],"about":[{"href":"https:\/\/www.dessinateur.biz\/blog\/wp-json\/wp\/v2\/types\/post"}],"author":[{"embeddable":true,"href":"https:\/\/www.dessinateur.biz\/blog\/wp-json\/wp\/v2\/users\/1"}],"replies":[{"embeddable":true,"href":"https:\/\/www.dessinateur.biz\/blog\/wp-json\/wp\/v2\/comments?post=1434"}],"version-history":[{"count":9,"href":"https:\/\/www.dessinateur.biz\/blog\/wp-json\/wp\/v2\/posts\/1434\/revisions"}],"predecessor-version":[{"id":1443,"href":"https:\/\/www.dessinateur.biz\/blog\/wp-json\/wp\/v2\/posts\/1434\/revisions\/1443"}],"wp:attachment":[{"href":"https:\/\/www.dessinateur.biz\/blog\/wp-json\/wp\/v2\/media?parent=1434"}],"wp:term":[{"taxonomy":"category","embeddable":true,"href":"https:\/\/www.dessinateur.biz\/blog\/wp-json\/wp\/v2\/categories?post=1434"},{"taxonomy":"post_tag","embeddable":true,"href":"https:\/\/www.dessinateur.biz\/blog\/wp-json\/wp\/v2\/tags?post=1434"}],"curies":[{"name":"wp","href":"https:\/\/api.w.org\/{rel}","templated":true}]}}