{"id":13467,"date":"2017-03-20T18:20:13","date_gmt":"2017-03-20T17:20:13","guid":{"rendered":"http:\/\/www.dessinateur.biz\/blog\/?p=13467"},"modified":"2017-04-03T06:39:52","modified_gmt":"2017-04-03T05:39:52","slug":"seance-de-dedicace-samedi-1er-avril-2017","status":"publish","type":"post","link":"https:\/\/www.dessinateur.biz\/blog\/2017\/03\/20\/seance-de-dedicace-samedi-1er-avril-2017\/","title":{"rendered":"s\u00e9ance de d\u00e9dicace samedi 1er avril 2017"},"content":{"rendered":"<p><img loading=\"lazy\" class=\"alignnone size-full wp-image-13468\" alt=\"Dedicace_1er_avril\" src=\"https:\/\/www.dessinateur.biz\/blog\/wp-content\/uploads\/2017\/03\/Dedicace_1er_avril.jpg\" width=\"450\" height=\"600\" srcset=\"https:\/\/www.dessinateur.biz\/blog\/wp-content\/uploads\/2017\/03\/Dedicace_1er_avril.jpg 450w, https:\/\/www.dessinateur.biz\/blog\/wp-content\/uploads\/2017\/03\/Dedicace_1er_avril-225x300.jpg 225w\" sizes=\"(max-width: 450px) 100vw, 450px\" \/><\/p>\n<div id=\"stcpDiv\">\n<h3>ou et quand :<\/h3>\n<div id=\"stcpDiv\">\n<div>\n<div>\n<div>\n<div>\n<div>\n<div>\n<div>\n<div>\n<div>\n<div>\n<div>\n<div>Dans le cadre de la sortie de la \u00ab\u00a0chronologie impertinente de l&rsquo;Histoire de France\u00a0\u00bb, je serai en d\u00e9dicace \u00e0 l&rsquo;espace culturel du Leclerc Les Angles (30133) le samedi 1er avril de 10h \u00e0 18h. Profitez de vos vacances pour faire un saut dans le temps !<\/div>\n<h3>quoi :<\/h3>\n<div>Chronologie impertinente de l&rsquo;Histoire de France, par Jean-Michel Billioud et na!, \u00e9ditions Larousse, 160 pages, 14.95\u20ac<\/div>\n<\/div>\n<\/div>\n<\/div>\n<\/div>\n<\/div>\n<\/div>\n<\/div>\n<\/div>\n<\/div>\n<\/div>\n<\/div>\n<div id=\"stcpDiv\">\n<div id=\"stcpDiv\">\n<h3>et sinon :<\/h3>\n<p>D&rsquo;ici l\u00e0, retrouvez mes dessins tous les jours sur BFMTV 12h20, 13h20, 14h20.<\/p>\n<\/div>\n<\/div>\n<\/div>\n<\/div>\n","protected":false},"excerpt":{"rendered":"<p>ou et quand : Dans le cadre de la sortie de la \u00ab\u00a0chronologie impertinente de l&rsquo;Histoire de France\u00a0\u00bb, je serai en d\u00e9dicace \u00e0 l&rsquo;espace culturel du Leclerc Les Angles (30133) le samedi 1er avril de 10h \u00e0 18h. Profitez de vos vacances pour faire un saut dans le temps ! quoi : Chronologie impertinente de [&hellip;]<\/p>\n","protected":false},"author":1,"featured_media":0,"comment_status":"open","ping_status":"open","sticky":false,"template":"","format":"standard","meta":[],"categories":[1],"tags":[321,4164,1316,1019,4166,2597,4228,319],"yoast_head":"<!-- This site is optimized with the Yoast SEO plugin v19.3 - https:\/\/yoast.com\/wordpress\/plugins\/seo\/ -->\n<title>s\u00e9ance de d\u00e9dicace samedi 1er avril 2017 - na! dessinateur<\/title>\n<meta name=\"description\" content=\"na! dessinateur, communication par le dessin humoristique, dessin de presse, dessin en direct live pour vos s\u00e9minaires ou conventions, cr\u00e9ation graphique\" \/>\n<meta name=\"robots\" content=\"noindex, follow\" \/>\n<meta property=\"og:locale\" content=\"fr_FR\" \/>\n<meta property=\"og:type\" content=\"article\" \/>\n<meta property=\"og:title\" content=\"s\u00e9ance de d\u00e9dicace samedi 1er avril 2017 - na! dessinateur\" \/>\n<meta property=\"og:description\" content=\"na! dessinateur, communication par le dessin humoristique, dessin de presse, dessin en direct live pour vos s\u00e9minaires ou conventions, cr\u00e9ation graphique\" \/>\n<meta property=\"og:url\" content=\"https:\/\/www.dessinateur.biz\/blog\/2017\/03\/20\/seance-de-dedicace-samedi-1er-avril-2017\/\" \/>\n<meta property=\"og:site_name\" content=\"na! dessinateur\" \/>\n<meta property=\"article:publisher\" content=\"https:\/\/www.facebook.com\/na-dessinateur-110880605617002\/\" \/>\n<meta property=\"article:published_time\" content=\"2017-03-20T17:20:13+00:00\" \/>\n<meta property=\"article:modified_time\" content=\"2017-04-03T05:39:52+00:00\" \/>\n<meta property=\"og:image\" content=\"http:\/\/www.dessinateur.biz\/blog\/wp-content\/uploads\/2017\/03\/Dedicace_1er_avril.jpg\" \/>\n<meta name=\"author\" content=\"na!\" \/>\n<meta name=\"twitter:card\" content=\"summary\" \/>\n<meta name=\"twitter:creator\" content=\"@na_dessinateur\" \/>\n<meta name=\"twitter:site\" content=\"@na_dessinateur\" \/>\n<meta name=\"twitter:label1\" content=\"\u00c9crit par\" \/>\n\t<meta name=\"twitter:data1\" content=\"na!\" \/>\n<script type=\"application\/ld+json\" class=\"yoast-schema-graph\">{\"@context\":\"https:\/\/schema.org\",\"@graph\":[{\"@type\":\"WebSite\",\"@id\":\"https:\/\/www.dessinateur.biz\/blog\/#website\",\"url\":\"https:\/\/www.dessinateur.biz\/blog\/\",\"name\":\"na! dessinateur\",\"description\":\"Dessinateur de presse, dessinateur humoristique, dessinateur en direct, communication par le dessin d&#039;humour\",\"potentialAction\":[{\"@type\":\"SearchAction\",\"target\":{\"@type\":\"EntryPoint\",\"urlTemplate\":\"https:\/\/www.dessinateur.biz\/blog\/?s={search_term_string}\"},\"query-input\":\"required name=search_term_string\"}],\"inLanguage\":\"fr-FR\"},{\"@type\":\"ImageObject\",\"inLanguage\":\"fr-FR\",\"@id\":\"https:\/\/www.dessinateur.biz\/blog\/2017\/03\/20\/seance-de-dedicace-samedi-1er-avril-2017\/#primaryimage\",\"url\":\"http:\/\/www.dessinateur.biz\/blog\/wp-content\/uploads\/2017\/03\/Dedicace_1er_avril.jpg\",\"contentUrl\":\"http:\/\/www.dessinateur.biz\/blog\/wp-content\/uploads\/2017\/03\/Dedicace_1er_avril.jpg\"},{\"@type\":\"WebPage\",\"@id\":\"https:\/\/www.dessinateur.biz\/blog\/2017\/03\/20\/seance-de-dedicace-samedi-1er-avril-2017\/\",\"url\":\"https:\/\/www.dessinateur.biz\/blog\/2017\/03\/20\/seance-de-dedicace-samedi-1er-avril-2017\/\",\"name\":\"s\u00e9ance de d\u00e9dicace samedi 1er avril 2017 - na! dessinateur\",\"isPartOf\":{\"@id\":\"https:\/\/www.dessinateur.biz\/blog\/#website\"},\"primaryImageOfPage\":{\"@id\":\"https:\/\/www.dessinateur.biz\/blog\/2017\/03\/20\/seance-de-dedicace-samedi-1er-avril-2017\/#primaryimage\"},\"datePublished\":\"2017-03-20T17:20:13+00:00\",\"dateModified\":\"2017-04-03T05:39:52+00:00\",\"author\":{\"@id\":\"https:\/\/www.dessinateur.biz\/blog\/#\/schema\/person\/90fd246a07ba4b0ffa54158c72f0ab23\"},\"description\":\"na! dessinateur, communication par le dessin humoristique, dessin de presse, dessin en direct live pour vos s\u00e9minaires ou conventions, cr\u00e9ation graphique\",\"breadcrumb\":{\"@id\":\"https:\/\/www.dessinateur.biz\/blog\/2017\/03\/20\/seance-de-dedicace-samedi-1er-avril-2017\/#breadcrumb\"},\"inLanguage\":\"fr-FR\",\"potentialAction\":[{\"@type\":\"ReadAction\",\"target\":[\"https:\/\/www.dessinateur.biz\/blog\/2017\/03\/20\/seance-de-dedicace-samedi-1er-avril-2017\/\"]}]},{\"@type\":\"BreadcrumbList\",\"@id\":\"https:\/\/www.dessinateur.biz\/blog\/2017\/03\/20\/seance-de-dedicace-samedi-1er-avril-2017\/#breadcrumb\",\"itemListElement\":[{\"@type\":\"ListItem\",\"position\":1,\"name\":\"Accueil\",\"item\":\"https:\/\/www.dessinateur.biz\/blog\/\"},{\"@type\":\"ListItem\",\"position\":2,\"name\":\"s\u00e9ance de d\u00e9dicace samedi 1er avril 2017\"}]},{\"@type\":\"Person\",\"@id\":\"https:\/\/www.dessinateur.biz\/blog\/#\/schema\/person\/90fd246a07ba4b0ffa54158c72f0ab23\",\"name\":\"na!\",\"image\":{\"@type\":\"ImageObject\",\"inLanguage\":\"fr-FR\",\"@id\":\"https:\/\/www.dessinateur.biz\/blog\/#\/schema\/person\/image\/\",\"url\":\"https:\/\/secure.gravatar.com\/avatar\/b56295643f3232aa6d4fe18c4cff5d11?s=96&d=mm&r=g\",\"contentUrl\":\"https:\/\/secure.gravatar.com\/avatar\/b56295643f3232aa6d4fe18c4cff5d11?s=96&d=mm&r=g\",\"caption\":\"na!\"},\"url\":\"https:\/\/www.dessinateur.biz\/blog\/author\/admin\/\"}]}<\/script>\n<!-- \/ Yoast SEO plugin. -->","yoast_head_json":{"title":"s\u00e9ance de d\u00e9dicace samedi 1er avril 2017 - na! dessinateur","description":"na! dessinateur, communication par le dessin humoristique, dessin de presse, dessin en direct live pour vos s\u00e9minaires ou conventions, cr\u00e9ation graphique","robots":{"index":"noindex","follow":"follow"},"og_locale":"fr_FR","og_type":"article","og_title":"s\u00e9ance de d\u00e9dicace samedi 1er avril 2017 - na! dessinateur","og_description":"na! dessinateur, communication par le dessin humoristique, dessin de presse, dessin en direct live pour vos s\u00e9minaires ou conventions, cr\u00e9ation graphique","og_url":"https:\/\/www.dessinateur.biz\/blog\/2017\/03\/20\/seance-de-dedicace-samedi-1er-avril-2017\/","og_site_name":"na! dessinateur","article_publisher":"https:\/\/www.facebook.com\/na-dessinateur-110880605617002\/","article_published_time":"2017-03-20T17:20:13+00:00","article_modified_time":"2017-04-03T05:39:52+00:00","og_image":[{"url":"http:\/\/www.dessinateur.biz\/blog\/wp-content\/uploads\/2017\/03\/Dedicace_1er_avril.jpg"}],"author":"na!","twitter_card":"summary","twitter_creator":"@na_dessinateur","twitter_site":"@na_dessinateur","twitter_misc":{"\u00c9crit par":"na!"},"schema":{"@context":"https:\/\/schema.org","@graph":[{"@type":"WebSite","@id":"https:\/\/www.dessinateur.biz\/blog\/#website","url":"https:\/\/www.dessinateur.biz\/blog\/","name":"na! dessinateur","description":"Dessinateur de presse, dessinateur humoristique, dessinateur en direct, communication par le dessin d&#039;humour","potentialAction":[{"@type":"SearchAction","target":{"@type":"EntryPoint","urlTemplate":"https:\/\/www.dessinateur.biz\/blog\/?s={search_term_string}"},"query-input":"required name=search_term_string"}],"inLanguage":"fr-FR"},{"@type":"ImageObject","inLanguage":"fr-FR","@id":"https:\/\/www.dessinateur.biz\/blog\/2017\/03\/20\/seance-de-dedicace-samedi-1er-avril-2017\/#primaryimage","url":"http:\/\/www.dessinateur.biz\/blog\/wp-content\/uploads\/2017\/03\/Dedicace_1er_avril.jpg","contentUrl":"http:\/\/www.dessinateur.biz\/blog\/wp-content\/uploads\/2017\/03\/Dedicace_1er_avril.jpg"},{"@type":"WebPage","@id":"https:\/\/www.dessinateur.biz\/blog\/2017\/03\/20\/seance-de-dedicace-samedi-1er-avril-2017\/","url":"https:\/\/www.dessinateur.biz\/blog\/2017\/03\/20\/seance-de-dedicace-samedi-1er-avril-2017\/","name":"s\u00e9ance de d\u00e9dicace samedi 1er avril 2017 - na! dessinateur","isPartOf":{"@id":"https:\/\/www.dessinateur.biz\/blog\/#website"},"primaryImageOfPage":{"@id":"https:\/\/www.dessinateur.biz\/blog\/2017\/03\/20\/seance-de-dedicace-samedi-1er-avril-2017\/#primaryimage"},"datePublished":"2017-03-20T17:20:13+00:00","dateModified":"2017-04-03T05:39:52+00:00","author":{"@id":"https:\/\/www.dessinateur.biz\/blog\/#\/schema\/person\/90fd246a07ba4b0ffa54158c72f0ab23"},"description":"na! dessinateur, communication par le dessin humoristique, dessin de presse, dessin en direct live pour vos s\u00e9minaires ou conventions, cr\u00e9ation graphique","breadcrumb":{"@id":"https:\/\/www.dessinateur.biz\/blog\/2017\/03\/20\/seance-de-dedicace-samedi-1er-avril-2017\/#breadcrumb"},"inLanguage":"fr-FR","potentialAction":[{"@type":"ReadAction","target":["https:\/\/www.dessinateur.biz\/blog\/2017\/03\/20\/seance-de-dedicace-samedi-1er-avril-2017\/"]}]},{"@type":"BreadcrumbList","@id":"https:\/\/www.dessinateur.biz\/blog\/2017\/03\/20\/seance-de-dedicace-samedi-1er-avril-2017\/#breadcrumb","itemListElement":[{"@type":"ListItem","position":1,"name":"Accueil","item":"https:\/\/www.dessinateur.biz\/blog\/"},{"@type":"ListItem","position":2,"name":"s\u00e9ance de d\u00e9dicace samedi 1er avril 2017"}]},{"@type":"Person","@id":"https:\/\/www.dessinateur.biz\/blog\/#\/schema\/person\/90fd246a07ba4b0ffa54158c72f0ab23","name":"na!","image":{"@type":"ImageObject","inLanguage":"fr-FR","@id":"https:\/\/www.dessinateur.biz\/blog\/#\/schema\/person\/image\/","url":"https:\/\/secure.gravatar.com\/avatar\/b56295643f3232aa6d4fe18c4cff5d11?s=96&d=mm&r=g","contentUrl":"https:\/\/secure.gravatar.com\/avatar\/b56295643f3232aa6d4fe18c4cff5d11?s=96&d=mm&r=g","caption":"na!"},"url":"https:\/\/www.dessinateur.biz\/blog\/author\/admin\/"}]}},"_links":{"self":[{"href":"https:\/\/www.dessinateur.biz\/blog\/wp-json\/wp\/v2\/posts\/13467"}],"collection":[{"href":"https:\/\/www.dessinateur.biz\/blog\/wp-json\/wp\/v2\/posts"}],"about":[{"href":"https:\/\/www.dessinateur.biz\/blog\/wp-json\/wp\/v2\/types\/post"}],"author":[{"embeddable":true,"href":"https:\/\/www.dessinateur.biz\/blog\/wp-json\/wp\/v2\/users\/1"}],"replies":[{"embeddable":true,"href":"https:\/\/www.dessinateur.biz\/blog\/wp-json\/wp\/v2\/comments?post=13467"}],"version-history":[{"count":4,"href":"https:\/\/www.dessinateur.biz\/blog\/wp-json\/wp\/v2\/posts\/13467\/revisions"}],"predecessor-version":[{"id":13472,"href":"https:\/\/www.dessinateur.biz\/blog\/wp-json\/wp\/v2\/posts\/13467\/revisions\/13472"}],"wp:attachment":[{"href":"https:\/\/www.dessinateur.biz\/blog\/wp-json\/wp\/v2\/media?parent=13467"}],"wp:term":[{"taxonomy":"category","embeddable":true,"href":"https:\/\/www.dessinateur.biz\/blog\/wp-json\/wp\/v2\/categories?post=13467"},{"taxonomy":"post_tag","embeddable":true,"href":"https:\/\/www.dessinateur.biz\/blog\/wp-json\/wp\/v2\/tags?post=13467"}],"curies":[{"name":"wp","href":"https:\/\/api.w.org\/{rel}","templated":true}]}}