{"id":13336,"date":"2017-02-10T18:31:48","date_gmt":"2017-02-10T17:31:48","guid":{"rendered":"http:\/\/www.dessinateur.biz\/blog\/?p=13336"},"modified":"2017-02-13T10:20:27","modified_gmt":"2017-02-13T09:20:27","slug":"chronologie-impertinente-de-lhistoire-de-france","status":"publish","type":"post","link":"https:\/\/www.dessinateur.biz\/blog\/2017\/02\/10\/chronologie-impertinente-de-lhistoire-de-france\/","title":{"rendered":"Chronologie impertinente de l&rsquo;Histoire de France"},"content":{"rendered":"<p><img loading=\"lazy\" class=\"alignnone size-full wp-image-13338\" alt=\"promo chronologie impertinente\" src=\"https:\/\/www.dessinateur.biz\/blog\/wp-content\/uploads\/2017\/02\/promo-chronologie-impertinente.jpg\" width=\"600\" height=\"450\" srcset=\"https:\/\/www.dessinateur.biz\/blog\/wp-content\/uploads\/2017\/02\/promo-chronologie-impertinente.jpg 600w, https:\/\/www.dessinateur.biz\/blog\/wp-content\/uploads\/2017\/02\/promo-chronologie-impertinente-300x225.jpg 300w\" sizes=\"(max-width: 600px) 100vw, 600px\" \/><\/p>\n<h3>quoi :<\/h3>\n<div>2 millions d&rsquo;ann\u00e9es d&rsquo;histoire en un coup d\u2019\u0153il. C&rsquo;est le pari relev\u00e9 avec brio par Jean-Michel Billioud, qui r\u00e9ussit le tour de force de r\u00e9diger avec s\u00e9rieux cette chronologie, sans pour autant se prendre au s\u00e9rieux, \u00e9paul\u00e9 \u00e0 dessein par mes dessins. Nous esp\u00e9rons tous les deux que cet ouvrage vous r\u00e9conciliera avec l&rsquo;Histoire de France (si tant est que vous fussiez f\u00e2ch\u00e9s) !<\/div>\n<div>\n<div id=\"stcpDiv\">\n<div id=\"stcpDiv\">\n<h3>O\u00f9 :<\/h3>\n<p>14,95\u20ac dans toutes les bonnes librairies, \u00e9ditions Larousse ou <a href=\"https:\/\/www.google.fr\/webhp?tab=iw&amp;ei=c-ejU66LOq-a1AX3qYCwAQ&amp;ved=0CBEQ1S4#q=chronologie+impertinente+de+l%27histoire+de+france\" target=\"_blank\">en ligne ici<\/a><\/p>\n<\/div>\n<\/div>\n<\/div>\n","protected":false},"excerpt":{"rendered":"<p>quoi : 2 millions d&rsquo;ann\u00e9es d&rsquo;histoire en un coup d\u2019\u0153il. C&rsquo;est le pari relev\u00e9 avec brio par Jean-Michel Billioud, qui r\u00e9ussit le tour de force de r\u00e9diger avec s\u00e9rieux cette chronologie, sans pour autant se prendre au s\u00e9rieux, \u00e9paul\u00e9 \u00e0 dessein par mes dessins. Nous esp\u00e9rons tous les deux que cet ouvrage vous r\u00e9conciliera avec [&hellip;]<\/p>\n","protected":false},"author":1,"featured_media":0,"comment_status":"open","ping_status":"open","sticky":false,"template":"","format":"standard","meta":[],"categories":[944],"tags":[321,4164,4168,4167,4173,4171,360,4165,4166,319,544,4,4170,4169,4172],"yoast_head":"<!-- This site is optimized with the Yoast SEO plugin v19.3 - https:\/\/yoast.com\/wordpress\/plugins\/seo\/ -->\n<title>Chronologie impertinente de l&#039;Histoire de France - na! dessinateur<\/title>\n<meta name=\"description\" content=\"na! dessinateur, communication par le dessin humoristique, dessin de presse, dessin en direct live pour vos s\u00e9minaires ou conventions, cr\u00e9ation graphique\" \/>\n<meta name=\"robots\" content=\"noindex, follow\" \/>\n<meta property=\"og:locale\" content=\"fr_FR\" \/>\n<meta property=\"og:type\" content=\"article\" \/>\n<meta property=\"og:title\" content=\"Chronologie impertinente de l&#039;Histoire de France - na! dessinateur\" \/>\n<meta property=\"og:description\" content=\"na! dessinateur, communication par le dessin humoristique, dessin de presse, dessin en direct live pour vos s\u00e9minaires ou conventions, cr\u00e9ation graphique\" \/>\n<meta property=\"og:url\" content=\"https:\/\/www.dessinateur.biz\/blog\/2017\/02\/10\/chronologie-impertinente-de-lhistoire-de-france\/\" \/>\n<meta property=\"og:site_name\" content=\"na! dessinateur\" \/>\n<meta property=\"article:publisher\" content=\"https:\/\/www.facebook.com\/na-dessinateur-110880605617002\/\" \/>\n<meta property=\"article:published_time\" content=\"2017-02-10T17:31:48+00:00\" \/>\n<meta property=\"article:modified_time\" content=\"2017-02-13T09:20:27+00:00\" \/>\n<meta property=\"og:image\" content=\"http:\/\/www.dessinateur.biz\/blog\/wp-content\/uploads\/2017\/02\/promo-chronologie-impertinente.jpg\" \/>\n<meta name=\"author\" content=\"na!\" \/>\n<meta name=\"twitter:card\" content=\"summary\" \/>\n<meta name=\"twitter:creator\" content=\"@na_dessinateur\" \/>\n<meta name=\"twitter:site\" content=\"@na_dessinateur\" \/>\n<meta name=\"twitter:label1\" content=\"\u00c9crit par\" \/>\n\t<meta name=\"twitter:data1\" content=\"na!\" \/>\n<script type=\"application\/ld+json\" class=\"yoast-schema-graph\">{\"@context\":\"https:\/\/schema.org\",\"@graph\":[{\"@type\":\"WebSite\",\"@id\":\"https:\/\/www.dessinateur.biz\/blog\/#website\",\"url\":\"https:\/\/www.dessinateur.biz\/blog\/\",\"name\":\"na! dessinateur\",\"description\":\"Dessinateur de presse, dessinateur humoristique, dessinateur en direct, communication par le dessin d&#039;humour\",\"potentialAction\":[{\"@type\":\"SearchAction\",\"target\":{\"@type\":\"EntryPoint\",\"urlTemplate\":\"https:\/\/www.dessinateur.biz\/blog\/?s={search_term_string}\"},\"query-input\":\"required name=search_term_string\"}],\"inLanguage\":\"fr-FR\"},{\"@type\":\"ImageObject\",\"inLanguage\":\"fr-FR\",\"@id\":\"https:\/\/www.dessinateur.biz\/blog\/2017\/02\/10\/chronologie-impertinente-de-lhistoire-de-france\/#primaryimage\",\"url\":\"http:\/\/www.dessinateur.biz\/blog\/wp-content\/uploads\/2017\/02\/promo-chronologie-impertinente.jpg\",\"contentUrl\":\"http:\/\/www.dessinateur.biz\/blog\/wp-content\/uploads\/2017\/02\/promo-chronologie-impertinente.jpg\"},{\"@type\":\"WebPage\",\"@id\":\"https:\/\/www.dessinateur.biz\/blog\/2017\/02\/10\/chronologie-impertinente-de-lhistoire-de-france\/\",\"url\":\"https:\/\/www.dessinateur.biz\/blog\/2017\/02\/10\/chronologie-impertinente-de-lhistoire-de-france\/\",\"name\":\"Chronologie impertinente de l'Histoire de France - na! dessinateur\",\"isPartOf\":{\"@id\":\"https:\/\/www.dessinateur.biz\/blog\/#website\"},\"primaryImageOfPage\":{\"@id\":\"https:\/\/www.dessinateur.biz\/blog\/2017\/02\/10\/chronologie-impertinente-de-lhistoire-de-france\/#primaryimage\"},\"datePublished\":\"2017-02-10T17:31:48+00:00\",\"dateModified\":\"2017-02-13T09:20:27+00:00\",\"author\":{\"@id\":\"https:\/\/www.dessinateur.biz\/blog\/#\/schema\/person\/90fd246a07ba4b0ffa54158c72f0ab23\"},\"description\":\"na! dessinateur, communication par le dessin humoristique, dessin de presse, dessin en direct live pour vos s\u00e9minaires ou conventions, cr\u00e9ation graphique\",\"breadcrumb\":{\"@id\":\"https:\/\/www.dessinateur.biz\/blog\/2017\/02\/10\/chronologie-impertinente-de-lhistoire-de-france\/#breadcrumb\"},\"inLanguage\":\"fr-FR\",\"potentialAction\":[{\"@type\":\"ReadAction\",\"target\":[\"https:\/\/www.dessinateur.biz\/blog\/2017\/02\/10\/chronologie-impertinente-de-lhistoire-de-france\/\"]}]},{\"@type\":\"BreadcrumbList\",\"@id\":\"https:\/\/www.dessinateur.biz\/blog\/2017\/02\/10\/chronologie-impertinente-de-lhistoire-de-france\/#breadcrumb\",\"itemListElement\":[{\"@type\":\"ListItem\",\"position\":1,\"name\":\"Accueil\",\"item\":\"https:\/\/www.dessinateur.biz\/blog\/\"},{\"@type\":\"ListItem\",\"position\":2,\"name\":\"Chronologie impertinente de l&rsquo;Histoire de France\"}]},{\"@type\":\"Person\",\"@id\":\"https:\/\/www.dessinateur.biz\/blog\/#\/schema\/person\/90fd246a07ba4b0ffa54158c72f0ab23\",\"name\":\"na!\",\"image\":{\"@type\":\"ImageObject\",\"inLanguage\":\"fr-FR\",\"@id\":\"https:\/\/www.dessinateur.biz\/blog\/#\/schema\/person\/image\/\",\"url\":\"https:\/\/secure.gravatar.com\/avatar\/b56295643f3232aa6d4fe18c4cff5d11?s=96&d=mm&r=g\",\"contentUrl\":\"https:\/\/secure.gravatar.com\/avatar\/b56295643f3232aa6d4fe18c4cff5d11?s=96&d=mm&r=g\",\"caption\":\"na!\"},\"url\":\"https:\/\/www.dessinateur.biz\/blog\/author\/admin\/\"}]}<\/script>\n<!-- \/ Yoast SEO plugin. -->","yoast_head_json":{"title":"Chronologie impertinente de l'Histoire de France - na! dessinateur","description":"na! dessinateur, communication par le dessin humoristique, dessin de presse, dessin en direct live pour vos s\u00e9minaires ou conventions, cr\u00e9ation graphique","robots":{"index":"noindex","follow":"follow"},"og_locale":"fr_FR","og_type":"article","og_title":"Chronologie impertinente de l'Histoire de France - na! dessinateur","og_description":"na! dessinateur, communication par le dessin humoristique, dessin de presse, dessin en direct live pour vos s\u00e9minaires ou conventions, cr\u00e9ation graphique","og_url":"https:\/\/www.dessinateur.biz\/blog\/2017\/02\/10\/chronologie-impertinente-de-lhistoire-de-france\/","og_site_name":"na! dessinateur","article_publisher":"https:\/\/www.facebook.com\/na-dessinateur-110880605617002\/","article_published_time":"2017-02-10T17:31:48+00:00","article_modified_time":"2017-02-13T09:20:27+00:00","og_image":[{"url":"http:\/\/www.dessinateur.biz\/blog\/wp-content\/uploads\/2017\/02\/promo-chronologie-impertinente.jpg"}],"author":"na!","twitter_card":"summary","twitter_creator":"@na_dessinateur","twitter_site":"@na_dessinateur","twitter_misc":{"\u00c9crit par":"na!"},"schema":{"@context":"https:\/\/schema.org","@graph":[{"@type":"WebSite","@id":"https:\/\/www.dessinateur.biz\/blog\/#website","url":"https:\/\/www.dessinateur.biz\/blog\/","name":"na! dessinateur","description":"Dessinateur de presse, dessinateur humoristique, dessinateur en direct, communication par le dessin d&#039;humour","potentialAction":[{"@type":"SearchAction","target":{"@type":"EntryPoint","urlTemplate":"https:\/\/www.dessinateur.biz\/blog\/?s={search_term_string}"},"query-input":"required name=search_term_string"}],"inLanguage":"fr-FR"},{"@type":"ImageObject","inLanguage":"fr-FR","@id":"https:\/\/www.dessinateur.biz\/blog\/2017\/02\/10\/chronologie-impertinente-de-lhistoire-de-france\/#primaryimage","url":"http:\/\/www.dessinateur.biz\/blog\/wp-content\/uploads\/2017\/02\/promo-chronologie-impertinente.jpg","contentUrl":"http:\/\/www.dessinateur.biz\/blog\/wp-content\/uploads\/2017\/02\/promo-chronologie-impertinente.jpg"},{"@type":"WebPage","@id":"https:\/\/www.dessinateur.biz\/blog\/2017\/02\/10\/chronologie-impertinente-de-lhistoire-de-france\/","url":"https:\/\/www.dessinateur.biz\/blog\/2017\/02\/10\/chronologie-impertinente-de-lhistoire-de-france\/","name":"Chronologie impertinente de l'Histoire de France - na! dessinateur","isPartOf":{"@id":"https:\/\/www.dessinateur.biz\/blog\/#website"},"primaryImageOfPage":{"@id":"https:\/\/www.dessinateur.biz\/blog\/2017\/02\/10\/chronologie-impertinente-de-lhistoire-de-france\/#primaryimage"},"datePublished":"2017-02-10T17:31:48+00:00","dateModified":"2017-02-13T09:20:27+00:00","author":{"@id":"https:\/\/www.dessinateur.biz\/blog\/#\/schema\/person\/90fd246a07ba4b0ffa54158c72f0ab23"},"description":"na! dessinateur, communication par le dessin humoristique, dessin de presse, dessin en direct live pour vos s\u00e9minaires ou conventions, cr\u00e9ation graphique","breadcrumb":{"@id":"https:\/\/www.dessinateur.biz\/blog\/2017\/02\/10\/chronologie-impertinente-de-lhistoire-de-france\/#breadcrumb"},"inLanguage":"fr-FR","potentialAction":[{"@type":"ReadAction","target":["https:\/\/www.dessinateur.biz\/blog\/2017\/02\/10\/chronologie-impertinente-de-lhistoire-de-france\/"]}]},{"@type":"BreadcrumbList","@id":"https:\/\/www.dessinateur.biz\/blog\/2017\/02\/10\/chronologie-impertinente-de-lhistoire-de-france\/#breadcrumb","itemListElement":[{"@type":"ListItem","position":1,"name":"Accueil","item":"https:\/\/www.dessinateur.biz\/blog\/"},{"@type":"ListItem","position":2,"name":"Chronologie impertinente de l&rsquo;Histoire de France"}]},{"@type":"Person","@id":"https:\/\/www.dessinateur.biz\/blog\/#\/schema\/person\/90fd246a07ba4b0ffa54158c72f0ab23","name":"na!","image":{"@type":"ImageObject","inLanguage":"fr-FR","@id":"https:\/\/www.dessinateur.biz\/blog\/#\/schema\/person\/image\/","url":"https:\/\/secure.gravatar.com\/avatar\/b56295643f3232aa6d4fe18c4cff5d11?s=96&d=mm&r=g","contentUrl":"https:\/\/secure.gravatar.com\/avatar\/b56295643f3232aa6d4fe18c4cff5d11?s=96&d=mm&r=g","caption":"na!"},"url":"https:\/\/www.dessinateur.biz\/blog\/author\/admin\/"}]}},"_links":{"self":[{"href":"https:\/\/www.dessinateur.biz\/blog\/wp-json\/wp\/v2\/posts\/13336"}],"collection":[{"href":"https:\/\/www.dessinateur.biz\/blog\/wp-json\/wp\/v2\/posts"}],"about":[{"href":"https:\/\/www.dessinateur.biz\/blog\/wp-json\/wp\/v2\/types\/post"}],"author":[{"embeddable":true,"href":"https:\/\/www.dessinateur.biz\/blog\/wp-json\/wp\/v2\/users\/1"}],"replies":[{"embeddable":true,"href":"https:\/\/www.dessinateur.biz\/blog\/wp-json\/wp\/v2\/comments?post=13336"}],"version-history":[{"count":4,"href":"https:\/\/www.dessinateur.biz\/blog\/wp-json\/wp\/v2\/posts\/13336\/revisions"}],"predecessor-version":[{"id":13341,"href":"https:\/\/www.dessinateur.biz\/blog\/wp-json\/wp\/v2\/posts\/13336\/revisions\/13341"}],"wp:attachment":[{"href":"https:\/\/www.dessinateur.biz\/blog\/wp-json\/wp\/v2\/media?parent=13336"}],"wp:term":[{"taxonomy":"category","embeddable":true,"href":"https:\/\/www.dessinateur.biz\/blog\/wp-json\/wp\/v2\/categories?post=13336"},{"taxonomy":"post_tag","embeddable":true,"href":"https:\/\/www.dessinateur.biz\/blog\/wp-json\/wp\/v2\/tags?post=13336"}],"curies":[{"name":"wp","href":"https:\/\/api.w.org\/{rel}","templated":true}]}}