{"id":10300,"date":"2014-06-11T09:10:36","date_gmt":"2014-06-11T08:10:36","guid":{"rendered":"http:\/\/www.dessinateur.biz\/blog\/?p=10300"},"modified":"2014-06-12T09:38:25","modified_gmt":"2014-06-12T08:38:25","slug":"piquai-de-greve","status":"publish","type":"post","link":"https:\/\/www.dessinateur.biz\/blog\/2014\/06\/11\/piquai-de-greve\/","title":{"rendered":"\u00ab\u00a0Piquai\u00a0\u00bb de gr\u00e8ve"},"content":{"rendered":"<p><img loading=\"lazy\" class=\"alignnone size-full wp-image-10301\" alt=\"1449_piquai_de_greve\" src=\"https:\/\/www.dessinateur.biz\/blog\/wp-content\/uploads\/2014\/06\/1449_piquai_de_greve.jpg\" width=\"600\" height=\"450\" srcset=\"https:\/\/www.dessinateur.biz\/blog\/wp-content\/uploads\/2014\/06\/1449_piquai_de_greve.jpg 600w, https:\/\/www.dessinateur.biz\/blog\/wp-content\/uploads\/2014\/06\/1449_piquai_de_greve-300x225.jpg 300w\" sizes=\"(max-width: 600px) 100vw, 600px\" \/><\/p>\n<div id=\"stcpDiv\">\n<h3>Contexte :<\/h3>\n<p>Mercredi noir dans les transports, avec notamment une gr\u00e8ve particuli\u00e8rement suivie \u00e0 la SNCF, pour lutter contre une directive europ\u00e9enne, et non pas contre la fameuse affaire des TER trop larges pour les quais.<\/p>\n<h3>O\u00f9 :<\/h3>\n<p>Retrouvez na! tous les jours sur BFMTV dans le 12-15h et sur BFMTV.com. Vu aussi sur <a href=\"http:\/\/www.agoravox.fr\/culture-loisirs\/dessin-du-jour\/article\/greve-a-la-sncf-153152\" target=\"_blank\">Agoravox<\/a> et <a href=\"http:\/\/blogs.rue89.nouvelobs.com\/na\/2014\/06\/11\/greve-la-sncf-233083\" target=\"_blank\">Rue89<\/a>.<\/p>\n<\/div>\n","protected":false},"excerpt":{"rendered":"<p>Contexte : Mercredi noir dans les transports, avec notamment une gr\u00e8ve particuli\u00e8rement suivie \u00e0 la SNCF, pour lutter contre une directive europ\u00e9enne, et non pas contre la fameuse affaire des TER trop larges pour les quais. O\u00f9 : Retrouvez na! tous les jours sur BFMTV dans le 12-15h et sur BFMTV.com. Vu aussi sur Agoravox [&hellip;]<\/p>\n","protected":false},"author":1,"featured_media":0,"comment_status":"open","ping_status":"open","sticky":false,"template":"","format":"standard","meta":[],"categories":[6],"tags":[1501,5,13,1577,4,472,1077,3182,3181],"yoast_head":"<!-- This site is optimized with the Yoast SEO plugin v19.3 - https:\/\/yoast.com\/wordpress\/plugins\/seo\/ -->\n<title>&quot;Piquai&quot; de gr\u00e8ve - na! dessinateur<\/title>\n<meta name=\"description\" content=\"na! dessinateur, communication par le dessin humoristique, dessin de presse, dessin en direct live pour vos s\u00e9minaires ou conventions, cr\u00e9ation graphique\" \/>\n<meta name=\"robots\" content=\"noindex, follow\" \/>\n<meta property=\"og:locale\" content=\"fr_FR\" \/>\n<meta property=\"og:type\" content=\"article\" \/>\n<meta property=\"og:title\" content=\"&quot;Piquai&quot; de gr\u00e8ve - na! dessinateur\" \/>\n<meta property=\"og:description\" content=\"na! dessinateur, communication par le dessin humoristique, dessin de presse, dessin en direct live pour vos s\u00e9minaires ou conventions, cr\u00e9ation graphique\" \/>\n<meta property=\"og:url\" content=\"https:\/\/www.dessinateur.biz\/blog\/2014\/06\/11\/piquai-de-greve\/\" \/>\n<meta property=\"og:site_name\" content=\"na! dessinateur\" \/>\n<meta property=\"article:publisher\" content=\"https:\/\/www.facebook.com\/na-dessinateur-110880605617002\/\" \/>\n<meta property=\"article:published_time\" content=\"2014-06-11T08:10:36+00:00\" \/>\n<meta property=\"article:modified_time\" content=\"2014-06-12T08:38:25+00:00\" \/>\n<meta property=\"og:image\" content=\"http:\/\/www.dessinateur.biz\/blog\/wp-content\/uploads\/2014\/06\/1449_piquai_de_greve.jpg\" \/>\n<meta name=\"author\" content=\"na!\" \/>\n<meta name=\"twitter:card\" content=\"summary\" \/>\n<meta name=\"twitter:creator\" content=\"@na_dessinateur\" \/>\n<meta name=\"twitter:site\" content=\"@na_dessinateur\" \/>\n<meta name=\"twitter:label1\" content=\"\u00c9crit par\" \/>\n\t<meta name=\"twitter:data1\" content=\"na!\" \/>\n<script type=\"application\/ld+json\" class=\"yoast-schema-graph\">{\"@context\":\"https:\/\/schema.org\",\"@graph\":[{\"@type\":\"WebSite\",\"@id\":\"https:\/\/www.dessinateur.biz\/blog\/#website\",\"url\":\"https:\/\/www.dessinateur.biz\/blog\/\",\"name\":\"na! dessinateur\",\"description\":\"Dessinateur de presse, dessinateur humoristique, dessinateur en direct, communication par le dessin d&#039;humour\",\"potentialAction\":[{\"@type\":\"SearchAction\",\"target\":{\"@type\":\"EntryPoint\",\"urlTemplate\":\"https:\/\/www.dessinateur.biz\/blog\/?s={search_term_string}\"},\"query-input\":\"required name=search_term_string\"}],\"inLanguage\":\"fr-FR\"},{\"@type\":\"ImageObject\",\"inLanguage\":\"fr-FR\",\"@id\":\"https:\/\/www.dessinateur.biz\/blog\/2014\/06\/11\/piquai-de-greve\/#primaryimage\",\"url\":\"http:\/\/www.dessinateur.biz\/blog\/wp-content\/uploads\/2014\/06\/1449_piquai_de_greve.jpg\",\"contentUrl\":\"http:\/\/www.dessinateur.biz\/blog\/wp-content\/uploads\/2014\/06\/1449_piquai_de_greve.jpg\"},{\"@type\":\"WebPage\",\"@id\":\"https:\/\/www.dessinateur.biz\/blog\/2014\/06\/11\/piquai-de-greve\/\",\"url\":\"https:\/\/www.dessinateur.biz\/blog\/2014\/06\/11\/piquai-de-greve\/\",\"name\":\"\\\"Piquai\\\" de gr\u00e8ve - na! dessinateur\",\"isPartOf\":{\"@id\":\"https:\/\/www.dessinateur.biz\/blog\/#website\"},\"primaryImageOfPage\":{\"@id\":\"https:\/\/www.dessinateur.biz\/blog\/2014\/06\/11\/piquai-de-greve\/#primaryimage\"},\"datePublished\":\"2014-06-11T08:10:36+00:00\",\"dateModified\":\"2014-06-12T08:38:25+00:00\",\"author\":{\"@id\":\"https:\/\/www.dessinateur.biz\/blog\/#\/schema\/person\/90fd246a07ba4b0ffa54158c72f0ab23\"},\"description\":\"na! dessinateur, communication par le dessin humoristique, dessin de presse, dessin en direct live pour vos s\u00e9minaires ou conventions, cr\u00e9ation graphique\",\"breadcrumb\":{\"@id\":\"https:\/\/www.dessinateur.biz\/blog\/2014\/06\/11\/piquai-de-greve\/#breadcrumb\"},\"inLanguage\":\"fr-FR\",\"potentialAction\":[{\"@type\":\"ReadAction\",\"target\":[\"https:\/\/www.dessinateur.biz\/blog\/2014\/06\/11\/piquai-de-greve\/\"]}]},{\"@type\":\"BreadcrumbList\",\"@id\":\"https:\/\/www.dessinateur.biz\/blog\/2014\/06\/11\/piquai-de-greve\/#breadcrumb\",\"itemListElement\":[{\"@type\":\"ListItem\",\"position\":1,\"name\":\"Accueil\",\"item\":\"https:\/\/www.dessinateur.biz\/blog\/\"},{\"@type\":\"ListItem\",\"position\":2,\"name\":\"\u00ab\u00a0Piquai\u00a0\u00bb de gr\u00e8ve\"}]},{\"@type\":\"Person\",\"@id\":\"https:\/\/www.dessinateur.biz\/blog\/#\/schema\/person\/90fd246a07ba4b0ffa54158c72f0ab23\",\"name\":\"na!\",\"image\":{\"@type\":\"ImageObject\",\"inLanguage\":\"fr-FR\",\"@id\":\"https:\/\/www.dessinateur.biz\/blog\/#\/schema\/person\/image\/\",\"url\":\"https:\/\/secure.gravatar.com\/avatar\/b56295643f3232aa6d4fe18c4cff5d11?s=96&d=mm&r=g\",\"contentUrl\":\"https:\/\/secure.gravatar.com\/avatar\/b56295643f3232aa6d4fe18c4cff5d11?s=96&d=mm&r=g\",\"caption\":\"na!\"},\"url\":\"https:\/\/www.dessinateur.biz\/blog\/author\/admin\/\"}]}<\/script>\n<!-- \/ Yoast SEO plugin. -->","yoast_head_json":{"title":"\"Piquai\" de gr\u00e8ve - na! dessinateur","description":"na! dessinateur, communication par le dessin humoristique, dessin de presse, dessin en direct live pour vos s\u00e9minaires ou conventions, cr\u00e9ation graphique","robots":{"index":"noindex","follow":"follow"},"og_locale":"fr_FR","og_type":"article","og_title":"\"Piquai\" de gr\u00e8ve - na! dessinateur","og_description":"na! dessinateur, communication par le dessin humoristique, dessin de presse, dessin en direct live pour vos s\u00e9minaires ou conventions, cr\u00e9ation graphique","og_url":"https:\/\/www.dessinateur.biz\/blog\/2014\/06\/11\/piquai-de-greve\/","og_site_name":"na! dessinateur","article_publisher":"https:\/\/www.facebook.com\/na-dessinateur-110880605617002\/","article_published_time":"2014-06-11T08:10:36+00:00","article_modified_time":"2014-06-12T08:38:25+00:00","og_image":[{"url":"http:\/\/www.dessinateur.biz\/blog\/wp-content\/uploads\/2014\/06\/1449_piquai_de_greve.jpg"}],"author":"na!","twitter_card":"summary","twitter_creator":"@na_dessinateur","twitter_site":"@na_dessinateur","twitter_misc":{"\u00c9crit par":"na!"},"schema":{"@context":"https:\/\/schema.org","@graph":[{"@type":"WebSite","@id":"https:\/\/www.dessinateur.biz\/blog\/#website","url":"https:\/\/www.dessinateur.biz\/blog\/","name":"na! dessinateur","description":"Dessinateur de presse, dessinateur humoristique, dessinateur en direct, communication par le dessin d&#039;humour","potentialAction":[{"@type":"SearchAction","target":{"@type":"EntryPoint","urlTemplate":"https:\/\/www.dessinateur.biz\/blog\/?s={search_term_string}"},"query-input":"required name=search_term_string"}],"inLanguage":"fr-FR"},{"@type":"ImageObject","inLanguage":"fr-FR","@id":"https:\/\/www.dessinateur.biz\/blog\/2014\/06\/11\/piquai-de-greve\/#primaryimage","url":"http:\/\/www.dessinateur.biz\/blog\/wp-content\/uploads\/2014\/06\/1449_piquai_de_greve.jpg","contentUrl":"http:\/\/www.dessinateur.biz\/blog\/wp-content\/uploads\/2014\/06\/1449_piquai_de_greve.jpg"},{"@type":"WebPage","@id":"https:\/\/www.dessinateur.biz\/blog\/2014\/06\/11\/piquai-de-greve\/","url":"https:\/\/www.dessinateur.biz\/blog\/2014\/06\/11\/piquai-de-greve\/","name":"\"Piquai\" de gr\u00e8ve - na! dessinateur","isPartOf":{"@id":"https:\/\/www.dessinateur.biz\/blog\/#website"},"primaryImageOfPage":{"@id":"https:\/\/www.dessinateur.biz\/blog\/2014\/06\/11\/piquai-de-greve\/#primaryimage"},"datePublished":"2014-06-11T08:10:36+00:00","dateModified":"2014-06-12T08:38:25+00:00","author":{"@id":"https:\/\/www.dessinateur.biz\/blog\/#\/schema\/person\/90fd246a07ba4b0ffa54158c72f0ab23"},"description":"na! dessinateur, communication par le dessin humoristique, dessin de presse, dessin en direct live pour vos s\u00e9minaires ou conventions, cr\u00e9ation graphique","breadcrumb":{"@id":"https:\/\/www.dessinateur.biz\/blog\/2014\/06\/11\/piquai-de-greve\/#breadcrumb"},"inLanguage":"fr-FR","potentialAction":[{"@type":"ReadAction","target":["https:\/\/www.dessinateur.biz\/blog\/2014\/06\/11\/piquai-de-greve\/"]}]},{"@type":"BreadcrumbList","@id":"https:\/\/www.dessinateur.biz\/blog\/2014\/06\/11\/piquai-de-greve\/#breadcrumb","itemListElement":[{"@type":"ListItem","position":1,"name":"Accueil","item":"https:\/\/www.dessinateur.biz\/blog\/"},{"@type":"ListItem","position":2,"name":"\u00ab\u00a0Piquai\u00a0\u00bb de gr\u00e8ve"}]},{"@type":"Person","@id":"https:\/\/www.dessinateur.biz\/blog\/#\/schema\/person\/90fd246a07ba4b0ffa54158c72f0ab23","name":"na!","image":{"@type":"ImageObject","inLanguage":"fr-FR","@id":"https:\/\/www.dessinateur.biz\/blog\/#\/schema\/person\/image\/","url":"https:\/\/secure.gravatar.com\/avatar\/b56295643f3232aa6d4fe18c4cff5d11?s=96&d=mm&r=g","contentUrl":"https:\/\/secure.gravatar.com\/avatar\/b56295643f3232aa6d4fe18c4cff5d11?s=96&d=mm&r=g","caption":"na!"},"url":"https:\/\/www.dessinateur.biz\/blog\/author\/admin\/"}]}},"_links":{"self":[{"href":"https:\/\/www.dessinateur.biz\/blog\/wp-json\/wp\/v2\/posts\/10300"}],"collection":[{"href":"https:\/\/www.dessinateur.biz\/blog\/wp-json\/wp\/v2\/posts"}],"about":[{"href":"https:\/\/www.dessinateur.biz\/blog\/wp-json\/wp\/v2\/types\/post"}],"author":[{"embeddable":true,"href":"https:\/\/www.dessinateur.biz\/blog\/wp-json\/wp\/v2\/users\/1"}],"replies":[{"embeddable":true,"href":"https:\/\/www.dessinateur.biz\/blog\/wp-json\/wp\/v2\/comments?post=10300"}],"version-history":[{"count":3,"href":"https:\/\/www.dessinateur.biz\/blog\/wp-json\/wp\/v2\/posts\/10300\/revisions"}],"predecessor-version":[{"id":10306,"href":"https:\/\/www.dessinateur.biz\/blog\/wp-json\/wp\/v2\/posts\/10300\/revisions\/10306"}],"wp:attachment":[{"href":"https:\/\/www.dessinateur.biz\/blog\/wp-json\/wp\/v2\/media?parent=10300"}],"wp:term":[{"taxonomy":"category","embeddable":true,"href":"https:\/\/www.dessinateur.biz\/blog\/wp-json\/wp\/v2\/categories?post=10300"},{"taxonomy":"post_tag","embeddable":true,"href":"https:\/\/www.dessinateur.biz\/blog\/wp-json\/wp\/v2\/tags?post=10300"}],"curies":[{"name":"wp","href":"https:\/\/api.w.org\/{rel}","templated":true}]}}