{"id":10239,"date":"2014-06-03T11:17:23","date_gmt":"2014-06-03T10:17:23","guid":{"rendered":"http:\/\/www.dessinateur.biz\/blog\/?p=10239"},"modified":"2014-06-10T16:07:39","modified_gmt":"2014-06-10T15:07:39","slug":"casse-tete-hollandais","status":"publish","type":"post","link":"https:\/\/www.dessinateur.biz\/blog\/2014\/06\/03\/casse-tete-hollandais\/","title":{"rendered":"casse-t\u00eate hollandais"},"content":{"rendered":"<p><img loading=\"lazy\" class=\"alignnone size-full wp-image-10240\" alt=\"1443_casse-tete\" src=\"https:\/\/www.dessinateur.biz\/blog\/wp-content\/uploads\/2014\/06\/1443_casse-tete.jpg\" width=\"600\" height=\"450\" srcset=\"https:\/\/www.dessinateur.biz\/blog\/wp-content\/uploads\/2014\/06\/1443_casse-tete.jpg 600w, https:\/\/www.dessinateur.biz\/blog\/wp-content\/uploads\/2014\/06\/1443_casse-tete-300x225.jpg 300w\" sizes=\"(max-width: 600px) 100vw, 600px\" \/><\/p>\n<div id=\"stcpDiv\">\n<h3>Contexte :<\/h3>\n<p>Dans la famille \u00ab\u00a0les r\u00e9formes qui f\u00e2chent\u00a0\u00bb, voici le nouveau b\u00e9b\u00e9 du gouvernement Hollande, qui avait \u00e9t\u00e9, rappelons-le, f\u00e9cond\u00e9 par le gouvernement Sarkozy : le red\u00e9coupage territorial. La France passerait de 22 \u00e0 14 r\u00e9gions, alors le d\u00e9bat est ouvert, bien ou mauvais ? Chacun y va de son appr\u00e9ciation personnelle et il y aura toujours des insatisfaits. Cela changera-t-il vraiment quelque chose pour nous au quotidien ?<\/p>\n<h3>O\u00f9 :<\/h3>\n<p>Retrouvez na! tous les jours sur BFMTV dans le 12-15h et sur BFMTV.com. Vu aussi sur <a href=\"http:\/\/www.agoravox.fr\/culture-loisirs\/dessin-du-jour\/article\/reforme-territoriale-pour-les-nuls-152820\" target=\"_blank\">Agoravox<\/a> et sur <a href=\"http:\/\/leplus.nouvelobs.com\/contribution\/1210145-dessin-reforme-territoriale-de-francois-hollande-ou-la-carte-de-france-pour-les-nuls.html\" target=\"_blank\">Le Plus<\/a>.<\/p>\n<div id=\"stcpDiv\"><\/div>\n<\/div>\n","protected":false},"excerpt":{"rendered":"<p>Contexte : Dans la famille \u00ab\u00a0les r\u00e9formes qui f\u00e2chent\u00a0\u00bb, voici le nouveau b\u00e9b\u00e9 du gouvernement Hollande, qui avait \u00e9t\u00e9, rappelons-le, f\u00e9cond\u00e9 par le gouvernement Sarkozy : le red\u00e9coupage territorial. La France passerait de 22 \u00e0 14 r\u00e9gions, alors le d\u00e9bat est ouvert, bien ou mauvais ? Chacun y va de son appr\u00e9ciation personnelle et il [&hellip;]<\/p>\n","protected":false},"author":1,"featured_media":0,"comment_status":"open","ping_status":"open","sticky":false,"template":"","format":"standard","meta":[],"categories":[6],"tags":[1501,3157,14,3158,5,13,1577,1676,1826,58,4,3159],"yoast_head":"<!-- This site is optimized with the Yoast SEO plugin v19.3 - https:\/\/yoast.com\/wordpress\/plugins\/seo\/ -->\n<title>casse-t\u00eate hollandais - na! dessinateur<\/title>\n<meta name=\"description\" content=\"na! dessinateur, communication par le dessin humoristique, dessin de presse, dessin en direct live pour vos s\u00e9minaires ou conventions, cr\u00e9ation graphique\" \/>\n<meta name=\"robots\" content=\"noindex, follow\" \/>\n<meta property=\"og:locale\" content=\"fr_FR\" \/>\n<meta property=\"og:type\" content=\"article\" \/>\n<meta property=\"og:title\" content=\"casse-t\u00eate hollandais - na! dessinateur\" \/>\n<meta property=\"og:description\" content=\"na! dessinateur, communication par le dessin humoristique, dessin de presse, dessin en direct live pour vos s\u00e9minaires ou conventions, cr\u00e9ation graphique\" \/>\n<meta property=\"og:url\" content=\"https:\/\/www.dessinateur.biz\/blog\/2014\/06\/03\/casse-tete-hollandais\/\" \/>\n<meta property=\"og:site_name\" content=\"na! dessinateur\" \/>\n<meta property=\"article:publisher\" content=\"https:\/\/www.facebook.com\/na-dessinateur-110880605617002\/\" \/>\n<meta property=\"article:published_time\" content=\"2014-06-03T10:17:23+00:00\" \/>\n<meta property=\"article:modified_time\" content=\"2014-06-10T15:07:39+00:00\" \/>\n<meta property=\"og:image\" content=\"http:\/\/www.dessinateur.biz\/blog\/wp-content\/uploads\/2014\/06\/1443_casse-tete.jpg\" \/>\n<meta name=\"author\" content=\"na!\" \/>\n<meta name=\"twitter:card\" content=\"summary\" \/>\n<meta name=\"twitter:creator\" content=\"@na_dessinateur\" \/>\n<meta name=\"twitter:site\" content=\"@na_dessinateur\" \/>\n<meta name=\"twitter:label1\" content=\"\u00c9crit par\" \/>\n\t<meta name=\"twitter:data1\" content=\"na!\" \/>\n<script type=\"application\/ld+json\" class=\"yoast-schema-graph\">{\"@context\":\"https:\/\/schema.org\",\"@graph\":[{\"@type\":\"WebSite\",\"@id\":\"https:\/\/www.dessinateur.biz\/blog\/#website\",\"url\":\"https:\/\/www.dessinateur.biz\/blog\/\",\"name\":\"na! dessinateur\",\"description\":\"Dessinateur de presse, dessinateur humoristique, dessinateur en direct, communication par le dessin d&#039;humour\",\"potentialAction\":[{\"@type\":\"SearchAction\",\"target\":{\"@type\":\"EntryPoint\",\"urlTemplate\":\"https:\/\/www.dessinateur.biz\/blog\/?s={search_term_string}\"},\"query-input\":\"required name=search_term_string\"}],\"inLanguage\":\"fr-FR\"},{\"@type\":\"ImageObject\",\"inLanguage\":\"fr-FR\",\"@id\":\"https:\/\/www.dessinateur.biz\/blog\/2014\/06\/03\/casse-tete-hollandais\/#primaryimage\",\"url\":\"http:\/\/www.dessinateur.biz\/blog\/wp-content\/uploads\/2014\/06\/1443_casse-tete.jpg\",\"contentUrl\":\"http:\/\/www.dessinateur.biz\/blog\/wp-content\/uploads\/2014\/06\/1443_casse-tete.jpg\"},{\"@type\":\"WebPage\",\"@id\":\"https:\/\/www.dessinateur.biz\/blog\/2014\/06\/03\/casse-tete-hollandais\/\",\"url\":\"https:\/\/www.dessinateur.biz\/blog\/2014\/06\/03\/casse-tete-hollandais\/\",\"name\":\"casse-t\u00eate hollandais - na! dessinateur\",\"isPartOf\":{\"@id\":\"https:\/\/www.dessinateur.biz\/blog\/#website\"},\"primaryImageOfPage\":{\"@id\":\"https:\/\/www.dessinateur.biz\/blog\/2014\/06\/03\/casse-tete-hollandais\/#primaryimage\"},\"datePublished\":\"2014-06-03T10:17:23+00:00\",\"dateModified\":\"2014-06-10T15:07:39+00:00\",\"author\":{\"@id\":\"https:\/\/www.dessinateur.biz\/blog\/#\/schema\/person\/90fd246a07ba4b0ffa54158c72f0ab23\"},\"description\":\"na! dessinateur, communication par le dessin humoristique, dessin de presse, dessin en direct live pour vos s\u00e9minaires ou conventions, cr\u00e9ation graphique\",\"breadcrumb\":{\"@id\":\"https:\/\/www.dessinateur.biz\/blog\/2014\/06\/03\/casse-tete-hollandais\/#breadcrumb\"},\"inLanguage\":\"fr-FR\",\"potentialAction\":[{\"@type\":\"ReadAction\",\"target\":[\"https:\/\/www.dessinateur.biz\/blog\/2014\/06\/03\/casse-tete-hollandais\/\"]}]},{\"@type\":\"BreadcrumbList\",\"@id\":\"https:\/\/www.dessinateur.biz\/blog\/2014\/06\/03\/casse-tete-hollandais\/#breadcrumb\",\"itemListElement\":[{\"@type\":\"ListItem\",\"position\":1,\"name\":\"Accueil\",\"item\":\"https:\/\/www.dessinateur.biz\/blog\/\"},{\"@type\":\"ListItem\",\"position\":2,\"name\":\"casse-t\u00eate hollandais\"}]},{\"@type\":\"Person\",\"@id\":\"https:\/\/www.dessinateur.biz\/blog\/#\/schema\/person\/90fd246a07ba4b0ffa54158c72f0ab23\",\"name\":\"na!\",\"image\":{\"@type\":\"ImageObject\",\"inLanguage\":\"fr-FR\",\"@id\":\"https:\/\/www.dessinateur.biz\/blog\/#\/schema\/person\/image\/\",\"url\":\"https:\/\/secure.gravatar.com\/avatar\/b56295643f3232aa6d4fe18c4cff5d11?s=96&d=mm&r=g\",\"contentUrl\":\"https:\/\/secure.gravatar.com\/avatar\/b56295643f3232aa6d4fe18c4cff5d11?s=96&d=mm&r=g\",\"caption\":\"na!\"},\"url\":\"https:\/\/www.dessinateur.biz\/blog\/author\/admin\/\"}]}<\/script>\n<!-- \/ Yoast SEO plugin. -->","yoast_head_json":{"title":"casse-t\u00eate hollandais - na! dessinateur","description":"na! dessinateur, communication par le dessin humoristique, dessin de presse, dessin en direct live pour vos s\u00e9minaires ou conventions, cr\u00e9ation graphique","robots":{"index":"noindex","follow":"follow"},"og_locale":"fr_FR","og_type":"article","og_title":"casse-t\u00eate hollandais - na! dessinateur","og_description":"na! dessinateur, communication par le dessin humoristique, dessin de presse, dessin en direct live pour vos s\u00e9minaires ou conventions, cr\u00e9ation graphique","og_url":"https:\/\/www.dessinateur.biz\/blog\/2014\/06\/03\/casse-tete-hollandais\/","og_site_name":"na! dessinateur","article_publisher":"https:\/\/www.facebook.com\/na-dessinateur-110880605617002\/","article_published_time":"2014-06-03T10:17:23+00:00","article_modified_time":"2014-06-10T15:07:39+00:00","og_image":[{"url":"http:\/\/www.dessinateur.biz\/blog\/wp-content\/uploads\/2014\/06\/1443_casse-tete.jpg"}],"author":"na!","twitter_card":"summary","twitter_creator":"@na_dessinateur","twitter_site":"@na_dessinateur","twitter_misc":{"\u00c9crit par":"na!"},"schema":{"@context":"https:\/\/schema.org","@graph":[{"@type":"WebSite","@id":"https:\/\/www.dessinateur.biz\/blog\/#website","url":"https:\/\/www.dessinateur.biz\/blog\/","name":"na! dessinateur","description":"Dessinateur de presse, dessinateur humoristique, dessinateur en direct, communication par le dessin d&#039;humour","potentialAction":[{"@type":"SearchAction","target":{"@type":"EntryPoint","urlTemplate":"https:\/\/www.dessinateur.biz\/blog\/?s={search_term_string}"},"query-input":"required name=search_term_string"}],"inLanguage":"fr-FR"},{"@type":"ImageObject","inLanguage":"fr-FR","@id":"https:\/\/www.dessinateur.biz\/blog\/2014\/06\/03\/casse-tete-hollandais\/#primaryimage","url":"http:\/\/www.dessinateur.biz\/blog\/wp-content\/uploads\/2014\/06\/1443_casse-tete.jpg","contentUrl":"http:\/\/www.dessinateur.biz\/blog\/wp-content\/uploads\/2014\/06\/1443_casse-tete.jpg"},{"@type":"WebPage","@id":"https:\/\/www.dessinateur.biz\/blog\/2014\/06\/03\/casse-tete-hollandais\/","url":"https:\/\/www.dessinateur.biz\/blog\/2014\/06\/03\/casse-tete-hollandais\/","name":"casse-t\u00eate hollandais - na! dessinateur","isPartOf":{"@id":"https:\/\/www.dessinateur.biz\/blog\/#website"},"primaryImageOfPage":{"@id":"https:\/\/www.dessinateur.biz\/blog\/2014\/06\/03\/casse-tete-hollandais\/#primaryimage"},"datePublished":"2014-06-03T10:17:23+00:00","dateModified":"2014-06-10T15:07:39+00:00","author":{"@id":"https:\/\/www.dessinateur.biz\/blog\/#\/schema\/person\/90fd246a07ba4b0ffa54158c72f0ab23"},"description":"na! dessinateur, communication par le dessin humoristique, dessin de presse, dessin en direct live pour vos s\u00e9minaires ou conventions, cr\u00e9ation graphique","breadcrumb":{"@id":"https:\/\/www.dessinateur.biz\/blog\/2014\/06\/03\/casse-tete-hollandais\/#breadcrumb"},"inLanguage":"fr-FR","potentialAction":[{"@type":"ReadAction","target":["https:\/\/www.dessinateur.biz\/blog\/2014\/06\/03\/casse-tete-hollandais\/"]}]},{"@type":"BreadcrumbList","@id":"https:\/\/www.dessinateur.biz\/blog\/2014\/06\/03\/casse-tete-hollandais\/#breadcrumb","itemListElement":[{"@type":"ListItem","position":1,"name":"Accueil","item":"https:\/\/www.dessinateur.biz\/blog\/"},{"@type":"ListItem","position":2,"name":"casse-t\u00eate hollandais"}]},{"@type":"Person","@id":"https:\/\/www.dessinateur.biz\/blog\/#\/schema\/person\/90fd246a07ba4b0ffa54158c72f0ab23","name":"na!","image":{"@type":"ImageObject","inLanguage":"fr-FR","@id":"https:\/\/www.dessinateur.biz\/blog\/#\/schema\/person\/image\/","url":"https:\/\/secure.gravatar.com\/avatar\/b56295643f3232aa6d4fe18c4cff5d11?s=96&d=mm&r=g","contentUrl":"https:\/\/secure.gravatar.com\/avatar\/b56295643f3232aa6d4fe18c4cff5d11?s=96&d=mm&r=g","caption":"na!"},"url":"https:\/\/www.dessinateur.biz\/blog\/author\/admin\/"}]}},"_links":{"self":[{"href":"https:\/\/www.dessinateur.biz\/blog\/wp-json\/wp\/v2\/posts\/10239"}],"collection":[{"href":"https:\/\/www.dessinateur.biz\/blog\/wp-json\/wp\/v2\/posts"}],"about":[{"href":"https:\/\/www.dessinateur.biz\/blog\/wp-json\/wp\/v2\/types\/post"}],"author":[{"embeddable":true,"href":"https:\/\/www.dessinateur.biz\/blog\/wp-json\/wp\/v2\/users\/1"}],"replies":[{"embeddable":true,"href":"https:\/\/www.dessinateur.biz\/blog\/wp-json\/wp\/v2\/comments?post=10239"}],"version-history":[{"count":4,"href":"https:\/\/www.dessinateur.biz\/blog\/wp-json\/wp\/v2\/posts\/10239\/revisions"}],"predecessor-version":[{"id":10297,"href":"https:\/\/www.dessinateur.biz\/blog\/wp-json\/wp\/v2\/posts\/10239\/revisions\/10297"}],"wp:attachment":[{"href":"https:\/\/www.dessinateur.biz\/blog\/wp-json\/wp\/v2\/media?parent=10239"}],"wp:term":[{"taxonomy":"category","embeddable":true,"href":"https:\/\/www.dessinateur.biz\/blog\/wp-json\/wp\/v2\/categories?post=10239"},{"taxonomy":"post_tag","embeddable":true,"href":"https:\/\/www.dessinateur.biz\/blog\/wp-json\/wp\/v2\/tags?post=10239"}],"curies":[{"name":"wp","href":"https:\/\/api.w.org\/{rel}","templated":true}]}}